{"id":921,"date":"2022-10-10T21:19:00","date_gmt":"2022-10-10T21:19:00","guid":{"rendered":"https:\/\/micrositios.dian.gov.co\/cultura-de-contribucion\/?p=921"},"modified":"2023-02-22T19:13:39","modified_gmt":"2023-02-22T19:13:39","slug":"una-experiencia-que-me-cambio-la-vida","status":"publish","type":"post","link":"https:\/\/micrositios.dian.gov.co\/cultura-de-contribucion\/2022\/10\/10\/una-experiencia-que-me-cambio-la-vida\/","title":{"rendered":"Una experiencia que me cambio la vida"},"content":{"rendered":"\n<p>Hace unos a\u00f1os y cuando se ven\u00eda una de las crisis m\u00e1s duras que ha afrontado nuestra universidad, fui llamada a ser la coordinadora de un proyecto nuevo que buscaba vincular estudiantes al servicio del ciudadano de la parte tributaria.<\/p>\n\n\n\n<p>Yo ten\u00eda poco tiempo de haber cursado mis estudios de m\u00e1ster en fiscalidad internacional y era para m\u00ed un reto en todos los \u00e1mbitos de mi vida, en ese momento, logr\u00e9 afrontarlo incluso contra todos los inconvenientes presentados ajenos al proceso, desde luego no habr\u00eda sido posible sin el apoyo de decano y director, y nuestra obra maestra: Los estudiantes.<\/p>\n\n\n\n<p>Creo que no existe mayor retribuci\u00f3n para un maestro, que verlos crecer y desarrollar sus sue\u00f1os. Sin embargo, esta actividad cambio mi forma de ver la vida con respecto a las oportunidades que Dios nos brinda, sin duda la Direcci\u00f3n de Impuestos y Aduanas Nacionales (DIAN) representa el mayor recurso de oportunidades para un contador p\u00fablico, desde formarse con las maravillosas personas que le ponen el alma y la dedicaci\u00f3n a cada clase, hasta el estudiante que elige sobresalir, si, y digo elige porque es as\u00ed, puedo elegir ser la mejor o simplemente volver de esta experiencia un requisito para graduarme o la nota que necesito para culminar.<\/p>\n\n\n\n<p>He tenido muchos casos de \u00e9xito, sin embargo, quiero dedicar este escrito a Braulio Mart\u00ednez, quien es mi mayor caso de \u00e9xito y de orgullo, con esto no quiero aminorar el esfuerzo de los dem\u00e1s todos han sido importantes y valientes, solo quiero hablar de Braulio porque el convirti\u00f3 esta oportunidad en una vitrina para mostrar su trabajo, hoy, despu\u00e9s de graduado emprendi\u00f3 su actividad como independiente siendo un reconocido contador en la Guajira, lugar donde hizo mucho por capacitar y ense\u00f1ar a la comunidad.<\/p>\n\n\n\n<p>Sin duda reconozco que hay mucho trabajo por hacer solo le pido al creador la oportunidad de seguir mejorando en mi misi\u00f3n de servir y ense\u00f1ar. La experiencia NAF, cambio mi vida, mi forma de ver mi carrera y de poder entender las necesidades de los dem\u00e1s. Soy maestra por elecci\u00f3n amo lo que hago me gustar\u00eda poder dar m\u00e1s y estoy convencida que nuestros resultados en buena medida dependen de lo que cada uno est\u00e9 dispuesto a aportar ese aprendizaje.<\/p>\n\n\n\n<p>Hace mucho que s\u00e9 que la DIAN no es mi enemiga sino por el contrario es mi aliada y siento que tengo la responsabilidad de llevar el mensaje a los dem\u00e1s porque todos estamos ligados a ella en miras de cumplir nuestro deber de ciudadano.<\/p>\n\n\n\n<p><strong>LUISIANA SIERRA JIMENEZ<\/strong><\/p>\n\n\n\n<p>Coordinador NAF UNIAUTONOMA<\/p>\n\n\n\n<p><\/p>\n\n\n\n<figure class=\"wp-block-image aligncenter size-large is-resized\"><img decoding=\"async\" src=\"https:\/\/micrositios.dian.gov.co\/cultura-de-contribucion\/wp-content\/uploads\/sites\/7\/2023\/02\/art4-768x1024.jpeg\" alt=\"\" class=\"wp-image-922\" width=\"384\" height=\"512\"\/><\/figure>\n","protected":false},"excerpt":{"rendered":"<p>Hace unos a\u00f1os y cuando se ven\u00eda una de las crisis m\u00e1s duras que ha afrontado nuestra universidad, fui llamada a ser la coordinadora de un proyecto nuevo que buscaba vincular estudiantes al servicio del ciudadano de la parte tributaria. Yo ten\u00eda poco tiempo de haber cursado mis estudios de m\u00e1ster en fiscalidad internacional y [&hellip;]<\/p>\n","protected":false},"author":1,"featured_media":941,"comment_status":"open","ping_status":"open","sticky":false,"template":"","format":"standard","meta":{"_et_pb_use_builder":"off","_et_pb_old_content":"","_et_gb_content_width":"","footnotes":""},"categories":[10],"tags":[],"class_list":["post-921","post","type-post","status-publish","format-standard","has-post-thumbnail","hentry","category-somos-naf"],"yoast_head":"<!-- This site is optimized with the Yoast SEO Premium plugin v18.5 (Yoast SEO v27.2) - https:\/\/yoast.com\/product\/yoast-seo-premium-wordpress\/ -->\n<title>Una experiencia que me cambio la vida - Cultura de la Contribuci\u00f3n<\/title>\n<meta name=\"robots\" content=\"index, follow, max-snippet:-1, max-image-preview:large, max-video-preview:-1\" \/>\n<link rel=\"canonical\" href=\"https:\/\/micrositios.dian.gov.co\/cultura-de-contribucion\/2022\/10\/10\/una-experiencia-que-me-cambio-la-vida\/\" \/>\n<meta property=\"og:locale\" content=\"es_ES\" \/>\n<meta property=\"og:type\" content=\"article\" \/>\n<meta property=\"og:title\" content=\"Una experiencia que me cambio la vida\" \/>\n<meta property=\"og:description\" content=\"Hace unos a\u00f1os y cuando se ven\u00eda una de las crisis m\u00e1s duras que ha afrontado nuestra universidad, fui llamada a ser la coordinadora de un proyecto nuevo que buscaba vincular estudiantes al servicio del ciudadano de la parte tributaria. Yo ten\u00eda poco tiempo de haber cursado mis estudios de m\u00e1ster en fiscalidad internacional y [&hellip;]\" \/>\n<meta property=\"og:url\" content=\"https:\/\/micrositios.dian.gov.co\/cultura-de-contribucion\/2022\/10\/10\/una-experiencia-que-me-cambio-la-vida\/\" \/>\n<meta property=\"og:site_name\" content=\"Cultura de la Contribuci\u00f3n\" \/>\n<meta property=\"article:published_time\" content=\"2022-10-10T21:19:00+00:00\" \/>\n<meta property=\"article:modified_time\" content=\"2023-02-22T19:13:39+00:00\" \/>\n<meta property=\"og:image\" content=\"https:\/\/micrositios.dian.gov.co\/cultura-de-contribucion\/wp-content\/uploads\/sites\/7\/2023\/02\/una-experiencia-que-cambio.jpg\" \/>\n\t<meta property=\"og:image:width\" content=\"1110\" \/>\n\t<meta property=\"og:image:height\" content=\"381\" \/>\n\t<meta property=\"og:image:type\" content=\"image\/jpeg\" \/>\n<meta name=\"author\" content=\"dianadmms\" \/>\n<meta name=\"twitter:card\" content=\"summary_large_image\" \/>\n<meta name=\"twitter:label1\" content=\"Escrito por\" \/>\n\t<meta name=\"twitter:data1\" content=\"dianadmms\" \/>\n\t<meta name=\"twitter:label2\" content=\"Tiempo de lectura\" \/>\n\t<meta name=\"twitter:data2\" content=\"3 minutos\" \/>\n<script type=\"application\/ld+json\" class=\"yoast-schema-graph\">{\"@context\":\"https:\/\/schema.org\",\"@graph\":[{\"@type\":\"Article\",\"@id\":\"https:\/\/micrositios.dian.gov.co\/cultura-de-contribucion\/2022\/10\/10\/una-experiencia-que-me-cambio-la-vida\/#article\",\"isPartOf\":{\"@id\":\"https:\/\/micrositios.dian.gov.co\/cultura-de-contribucion\/2022\/10\/10\/una-experiencia-que-me-cambio-la-vida\/\"},\"author\":{\"name\":\"dianadmms\",\"@id\":\"https:\/\/micrositios.dian.gov.co\/cultura-de-contribucion\/#\/schema\/person\/74b5359e9538b6478a28b4c616bcd9ba\"},\"headline\":\"Una experiencia que me cambio la vida\",\"datePublished\":\"2022-10-10T21:19:00+00:00\",\"dateModified\":\"2023-02-22T19:13:39+00:00\",\"mainEntityOfPage\":{\"@id\":\"https:\/\/micrositios.dian.gov.co\/cultura-de-contribucion\/2022\/10\/10\/una-experiencia-que-me-cambio-la-vida\/\"},\"wordCount\":454,\"commentCount\":0,\"image\":{\"@id\":\"https:\/\/micrositios.dian.gov.co\/cultura-de-contribucion\/2022\/10\/10\/una-experiencia-que-me-cambio-la-vida\/#primaryimage\"},\"thumbnailUrl\":\"https:\/\/micrositios.dian.gov.co\/cultura-de-contribucion\/wp-content\/uploads\/sites\/7\/2023\/02\/una-experiencia-que-cambio.jpg\",\"articleSection\":[\"Somos NAF\"],\"inLanguage\":\"es-CO\",\"potentialAction\":[{\"@type\":\"CommentAction\",\"name\":\"Comment\",\"target\":[\"https:\/\/micrositios.dian.gov.co\/cultura-de-contribucion\/2022\/10\/10\/una-experiencia-que-me-cambio-la-vida\/#respond\"]}]},{\"@type\":\"WebPage\",\"@id\":\"https:\/\/micrositios.dian.gov.co\/cultura-de-contribucion\/2022\/10\/10\/una-experiencia-que-me-cambio-la-vida\/\",\"url\":\"https:\/\/micrositios.dian.gov.co\/cultura-de-contribucion\/2022\/10\/10\/una-experiencia-que-me-cambio-la-vida\/\",\"name\":\"Una experiencia que me cambio la vida - Cultura de la Contribuci\u00f3n\",\"isPartOf\":{\"@id\":\"https:\/\/micrositios.dian.gov.co\/cultura-de-contribucion\/#website\"},\"primaryImageOfPage\":{\"@id\":\"https:\/\/micrositios.dian.gov.co\/cultura-de-contribucion\/2022\/10\/10\/una-experiencia-que-me-cambio-la-vida\/#primaryimage\"},\"image\":{\"@id\":\"https:\/\/micrositios.dian.gov.co\/cultura-de-contribucion\/2022\/10\/10\/una-experiencia-que-me-cambio-la-vida\/#primaryimage\"},\"thumbnailUrl\":\"https:\/\/micrositios.dian.gov.co\/cultura-de-contribucion\/wp-content\/uploads\/sites\/7\/2023\/02\/una-experiencia-que-cambio.jpg\",\"datePublished\":\"2022-10-10T21:19:00+00:00\",\"dateModified\":\"2023-02-22T19:13:39+00:00\",\"author\":{\"@id\":\"https:\/\/micrositios.dian.gov.co\/cultura-de-contribucion\/#\/schema\/person\/74b5359e9538b6478a28b4c616bcd9ba\"},\"breadcrumb\":{\"@id\":\"https:\/\/micrositios.dian.gov.co\/cultura-de-contribucion\/2022\/10\/10\/una-experiencia-que-me-cambio-la-vida\/#breadcrumb\"},\"inLanguage\":\"es-CO\",\"potentialAction\":[{\"@type\":\"ReadAction\",\"target\":[\"https:\/\/micrositios.dian.gov.co\/cultura-de-contribucion\/2022\/10\/10\/una-experiencia-que-me-cambio-la-vida\/\"]}]},{\"@type\":\"ImageObject\",\"inLanguage\":\"es-CO\",\"@id\":\"https:\/\/micrositios.dian.gov.co\/cultura-de-contribucion\/2022\/10\/10\/una-experiencia-que-me-cambio-la-vida\/#primaryimage\",\"url\":\"https:\/\/micrositios.dian.gov.co\/cultura-de-contribucion\/wp-content\/uploads\/sites\/7\/2023\/02\/una-experiencia-que-cambio.jpg\",\"contentUrl\":\"https:\/\/micrositios.dian.gov.co\/cultura-de-contribucion\/wp-content\/uploads\/sites\/7\/2023\/02\/una-experiencia-que-cambio.jpg\",\"width\":1110,\"height\":381},{\"@type\":\"BreadcrumbList\",\"@id\":\"https:\/\/micrositios.dian.gov.co\/cultura-de-contribucion\/2022\/10\/10\/una-experiencia-que-me-cambio-la-vida\/#breadcrumb\",\"itemListElement\":[{\"@type\":\"ListItem\",\"position\":1,\"name\":\"Portada\",\"item\":\"https:\/\/micrositios.dian.gov.co\/cultura-de-contribucion\/\"},{\"@type\":\"ListItem\",\"position\":2,\"name\":\"Una experiencia que me cambio la vida\"}]},{\"@type\":\"WebSite\",\"@id\":\"https:\/\/micrositios.dian.gov.co\/cultura-de-contribucion\/#website\",\"url\":\"https:\/\/micrositios.dian.gov.co\/cultura-de-contribucion\/\",\"name\":\"Cultura de la Contribuci\u00f3n\",\"description\":\"DIAN\",\"potentialAction\":[{\"@type\":\"SearchAction\",\"target\":{\"@type\":\"EntryPoint\",\"urlTemplate\":\"https:\/\/micrositios.dian.gov.co\/cultura-de-contribucion\/?s={search_term_string}\"},\"query-input\":{\"@type\":\"PropertyValueSpecification\",\"valueRequired\":true,\"valueName\":\"search_term_string\"}}],\"inLanguage\":\"es-CO\"},{\"@type\":\"Person\",\"@id\":\"https:\/\/micrositios.dian.gov.co\/cultura-de-contribucion\/#\/schema\/person\/74b5359e9538b6478a28b4c616bcd9ba\",\"name\":\"dianadmms\",\"image\":{\"@type\":\"ImageObject\",\"inLanguage\":\"es-CO\",\"@id\":\"https:\/\/secure.gravatar.com\/avatar\/cf034220fbe936a1aa49c22547ceba7f93a17f53efe31b0edc2f4f6e3d451845?s=96&d=mm&r=g\",\"url\":\"https:\/\/secure.gravatar.com\/avatar\/cf034220fbe936a1aa49c22547ceba7f93a17f53efe31b0edc2f4f6e3d451845?s=96&d=mm&r=g\",\"contentUrl\":\"https:\/\/secure.gravatar.com\/avatar\/cf034220fbe936a1aa49c22547ceba7f93a17f53efe31b0edc2f4f6e3d451845?s=96&d=mm&r=g\",\"caption\":\"dianadmms\"},\"sameAs\":[\"https:\/\/micrositios.dian.gov.co\"],\"url\":\"https:\/\/micrositios.dian.gov.co\/cultura-de-contribucion\/author\/dianadmms\/\"}]}<\/script>\n<!-- \/ Yoast SEO Premium plugin. -->","yoast_head_json":{"title":"Una experiencia que me cambio la vida - Cultura de la Contribuci\u00f3n","robots":{"index":"index","follow":"follow","max-snippet":"max-snippet:-1","max-image-preview":"max-image-preview:large","max-video-preview":"max-video-preview:-1"},"canonical":"https:\/\/micrositios.dian.gov.co\/cultura-de-contribucion\/2022\/10\/10\/una-experiencia-que-me-cambio-la-vida\/","og_locale":"es_ES","og_type":"article","og_title":"Una experiencia que me cambio la vida","og_description":"Hace unos a\u00f1os y cuando se ven\u00eda una de las crisis m\u00e1s duras que ha afrontado nuestra universidad, fui llamada a ser la coordinadora de un proyecto nuevo que buscaba vincular estudiantes al servicio del ciudadano de la parte tributaria. Yo ten\u00eda poco tiempo de haber cursado mis estudios de m\u00e1ster en fiscalidad internacional y [&hellip;]","og_url":"https:\/\/micrositios.dian.gov.co\/cultura-de-contribucion\/2022\/10\/10\/una-experiencia-que-me-cambio-la-vida\/","og_site_name":"Cultura de la Contribuci\u00f3n","article_published_time":"2022-10-10T21:19:00+00:00","article_modified_time":"2023-02-22T19:13:39+00:00","og_image":[{"width":1110,"height":381,"url":"https:\/\/micrositios.dian.gov.co\/cultura-de-contribucion\/wp-content\/uploads\/sites\/7\/2023\/02\/una-experiencia-que-cambio.jpg","type":"image\/jpeg"}],"author":"dianadmms","twitter_card":"summary_large_image","twitter_misc":{"Escrito por":"dianadmms","Tiempo de lectura":"3 minutos"},"schema":{"@context":"https:\/\/schema.org","@graph":[{"@type":"Article","@id":"https:\/\/micrositios.dian.gov.co\/cultura-de-contribucion\/2022\/10\/10\/una-experiencia-que-me-cambio-la-vida\/#article","isPartOf":{"@id":"https:\/\/micrositios.dian.gov.co\/cultura-de-contribucion\/2022\/10\/10\/una-experiencia-que-me-cambio-la-vida\/"},"author":{"name":"dianadmms","@id":"https:\/\/micrositios.dian.gov.co\/cultura-de-contribucion\/#\/schema\/person\/74b5359e9538b6478a28b4c616bcd9ba"},"headline":"Una experiencia que me cambio la vida","datePublished":"2022-10-10T21:19:00+00:00","dateModified":"2023-02-22T19:13:39+00:00","mainEntityOfPage":{"@id":"https:\/\/micrositios.dian.gov.co\/cultura-de-contribucion\/2022\/10\/10\/una-experiencia-que-me-cambio-la-vida\/"},"wordCount":454,"commentCount":0,"image":{"@id":"https:\/\/micrositios.dian.gov.co\/cultura-de-contribucion\/2022\/10\/10\/una-experiencia-que-me-cambio-la-vida\/#primaryimage"},"thumbnailUrl":"https:\/\/micrositios.dian.gov.co\/cultura-de-contribucion\/wp-content\/uploads\/sites\/7\/2023\/02\/una-experiencia-que-cambio.jpg","articleSection":["Somos NAF"],"inLanguage":"es-CO","potentialAction":[{"@type":"CommentAction","name":"Comment","target":["https:\/\/micrositios.dian.gov.co\/cultura-de-contribucion\/2022\/10\/10\/una-experiencia-que-me-cambio-la-vida\/#respond"]}]},{"@type":"WebPage","@id":"https:\/\/micrositios.dian.gov.co\/cultura-de-contribucion\/2022\/10\/10\/una-experiencia-que-me-cambio-la-vida\/","url":"https:\/\/micrositios.dian.gov.co\/cultura-de-contribucion\/2022\/10\/10\/una-experiencia-que-me-cambio-la-vida\/","name":"Una experiencia que me cambio la vida - Cultura de la Contribuci\u00f3n","isPartOf":{"@id":"https:\/\/micrositios.dian.gov.co\/cultura-de-contribucion\/#website"},"primaryImageOfPage":{"@id":"https:\/\/micrositios.dian.gov.co\/cultura-de-contribucion\/2022\/10\/10\/una-experiencia-que-me-cambio-la-vida\/#primaryimage"},"image":{"@id":"https:\/\/micrositios.dian.gov.co\/cultura-de-contribucion\/2022\/10\/10\/una-experiencia-que-me-cambio-la-vida\/#primaryimage"},"thumbnailUrl":"https:\/\/micrositios.dian.gov.co\/cultura-de-contribucion\/wp-content\/uploads\/sites\/7\/2023\/02\/una-experiencia-que-cambio.jpg","datePublished":"2022-10-10T21:19:00+00:00","dateModified":"2023-02-22T19:13:39+00:00","author":{"@id":"https:\/\/micrositios.dian.gov.co\/cultura-de-contribucion\/#\/schema\/person\/74b5359e9538b6478a28b4c616bcd9ba"},"breadcrumb":{"@id":"https:\/\/micrositios.dian.gov.co\/cultura-de-contribucion\/2022\/10\/10\/una-experiencia-que-me-cambio-la-vida\/#breadcrumb"},"inLanguage":"es-CO","potentialAction":[{"@type":"ReadAction","target":["https:\/\/micrositios.dian.gov.co\/cultura-de-contribucion\/2022\/10\/10\/una-experiencia-que-me-cambio-la-vida\/"]}]},{"@type":"ImageObject","inLanguage":"es-CO","@id":"https:\/\/micrositios.dian.gov.co\/cultura-de-contribucion\/2022\/10\/10\/una-experiencia-que-me-cambio-la-vida\/#primaryimage","url":"https:\/\/micrositios.dian.gov.co\/cultura-de-contribucion\/wp-content\/uploads\/sites\/7\/2023\/02\/una-experiencia-que-cambio.jpg","contentUrl":"https:\/\/micrositios.dian.gov.co\/cultura-de-contribucion\/wp-content\/uploads\/sites\/7\/2023\/02\/una-experiencia-que-cambio.jpg","width":1110,"height":381},{"@type":"BreadcrumbList","@id":"https:\/\/micrositios.dian.gov.co\/cultura-de-contribucion\/2022\/10\/10\/una-experiencia-que-me-cambio-la-vida\/#breadcrumb","itemListElement":[{"@type":"ListItem","position":1,"name":"Portada","item":"https:\/\/micrositios.dian.gov.co\/cultura-de-contribucion\/"},{"@type":"ListItem","position":2,"name":"Una experiencia que me cambio la vida"}]},{"@type":"WebSite","@id":"https:\/\/micrositios.dian.gov.co\/cultura-de-contribucion\/#website","url":"https:\/\/micrositios.dian.gov.co\/cultura-de-contribucion\/","name":"Cultura de la Contribuci\u00f3n","description":"DIAN","potentialAction":[{"@type":"SearchAction","target":{"@type":"EntryPoint","urlTemplate":"https:\/\/micrositios.dian.gov.co\/cultura-de-contribucion\/?s={search_term_string}"},"query-input":{"@type":"PropertyValueSpecification","valueRequired":true,"valueName":"search_term_string"}}],"inLanguage":"es-CO"},{"@type":"Person","@id":"https:\/\/micrositios.dian.gov.co\/cultura-de-contribucion\/#\/schema\/person\/74b5359e9538b6478a28b4c616bcd9ba","name":"dianadmms","image":{"@type":"ImageObject","inLanguage":"es-CO","@id":"https:\/\/secure.gravatar.com\/avatar\/cf034220fbe936a1aa49c22547ceba7f93a17f53efe31b0edc2f4f6e3d451845?s=96&d=mm&r=g","url":"https:\/\/secure.gravatar.com\/avatar\/cf034220fbe936a1aa49c22547ceba7f93a17f53efe31b0edc2f4f6e3d451845?s=96&d=mm&r=g","contentUrl":"https:\/\/secure.gravatar.com\/avatar\/cf034220fbe936a1aa49c22547ceba7f93a17f53efe31b0edc2f4f6e3d451845?s=96&d=mm&r=g","caption":"dianadmms"},"sameAs":["https:\/\/micrositios.dian.gov.co"],"url":"https:\/\/micrositios.dian.gov.co\/cultura-de-contribucion\/author\/dianadmms\/"}]}},"_links":{"self":[{"href":"https:\/\/micrositios.dian.gov.co\/cultura-de-contribucion\/wp-json\/wp\/v2\/posts\/921","targetHints":{"allow":["GET"]}}],"collection":[{"href":"https:\/\/micrositios.dian.gov.co\/cultura-de-contribucion\/wp-json\/wp\/v2\/posts"}],"about":[{"href":"https:\/\/micrositios.dian.gov.co\/cultura-de-contribucion\/wp-json\/wp\/v2\/types\/post"}],"author":[{"embeddable":true,"href":"https:\/\/micrositios.dian.gov.co\/cultura-de-contribucion\/wp-json\/wp\/v2\/users\/1"}],"replies":[{"embeddable":true,"href":"https:\/\/micrositios.dian.gov.co\/cultura-de-contribucion\/wp-json\/wp\/v2\/comments?post=921"}],"version-history":[{"count":3,"href":"https:\/\/micrositios.dian.gov.co\/cultura-de-contribucion\/wp-json\/wp\/v2\/posts\/921\/revisions"}],"predecessor-version":[{"id":926,"href":"https:\/\/micrositios.dian.gov.co\/cultura-de-contribucion\/wp-json\/wp\/v2\/posts\/921\/revisions\/926"}],"wp:featuredmedia":[{"embeddable":true,"href":"https:\/\/micrositios.dian.gov.co\/cultura-de-contribucion\/wp-json\/wp\/v2\/media\/941"}],"wp:attachment":[{"href":"https:\/\/micrositios.dian.gov.co\/cultura-de-contribucion\/wp-json\/wp\/v2\/media?parent=921"}],"wp:term":[{"taxonomy":"category","embeddable":true,"href":"https:\/\/micrositios.dian.gov.co\/cultura-de-contribucion\/wp-json\/wp\/v2\/categories?post=921"},{"taxonomy":"post_tag","embeddable":true,"href":"https:\/\/micrositios.dian.gov.co\/cultura-de-contribucion\/wp-json\/wp\/v2\/tags?post=921"}],"curies":[{"name":"wp","href":"https:\/\/api.w.org\/{rel}","templated":true}]}}