{"id":453,"date":"2018-12-17T18:40:00","date_gmt":"2018-12-17T18:40:00","guid":{"rendered":"https:\/\/micrositios.dian.gov.co\/cultura-de-contribucion\/?p=453"},"modified":"2023-01-17T17:37:18","modified_gmt":"2023-01-17T17:37:18","slug":"cultura-de-la-contribucion-en-la-escuela-certifica-primeros-docentes","status":"publish","type":"post","link":"https:\/\/micrositios.dian.gov.co\/cultura-de-contribucion\/2018\/12\/17\/cultura-de-la-contribucion-en-la-escuela-certifica-primeros-docentes\/","title":{"rendered":"Cultura de la Contribuci\u00f3n en la Escuela certifica primeros docentes"},"content":{"rendered":"\n<p><strong>Bogot\u00e1 D.C., lunes 17 de diciembre de 2018.&nbsp;<\/strong>La Direcci\u00f3n Seccional de Impuestos y Aduanas de Florencia se convirti\u00f3 en pionera de la certificaci\u00f3n para los primeros docentes en el Programa Cultura de la Contribuci\u00f3n en la Escuela, liderado por la Direcci\u00f3n de Gesti\u00f3n de Ingresos, a trav\u00e9s de la Coordinaci\u00f3n Cultura de la Contribuci\u00f3n.<\/p>\n\n\n\n<p>El programa de Educaci\u00f3n Fiscal est\u00e1 dirigido principalmente a las instituciones educativas de b\u00e1sica primaria y secundaria, as\u00ed como de educaci\u00f3n media, inicialmente en la ciudad de Bogot\u00e1 y en los departamentos de Caquet\u00e1 y Antioquia.&nbsp; Busca preparar a ni\u00f1as y ni\u00f1os desde temprana edad para que puedan actuar como sujetos de derechos y deberes dentro de una sociedad democr\u00e1tica, en busca de la configuraci\u00f3n de una ciudadan\u00eda fiscal activa.<\/p>\n\n\n\n<p>&#8220;El caso de la Seccional Florencia es excepcional -explica Adriana Solano, Subdirectora de Gesti\u00f3n de Asistencia al Cliente-, ya que no solo logramos llegar a la capital con 51 docentes, sino a diversos municipios de Caquet\u00e1. En El Doncello, por ejemplo, congregamos 37 maestros de la zona norte, y en San Jos\u00e9 de Fragua reunimos 15 del sector sur del departamento, gracias al apoyo y activa participaci\u00f3n del director seccional, Hernando V\u00e1squez Villarruel&#8221;.<\/p>\n\n\n\n<p>En la actualidad, la DIAN ha firmado un memorando de entendimiento con las Secretar\u00edas de Educaci\u00f3n de Bogot\u00e1 y se encuentra en proceso de suscripci\u00f3n de firmas con las Secretarias Municipales de Florencia y de Medell\u00edn y las Departamentales del Caquet\u00e1 y Antioquia, a fin de continuar en el desarrollo de nuevos talleres con los maestros que permitan continuar la certificaci\u00f3n de docentes y multiplicar el impacto del programa.<\/p>\n","protected":false},"excerpt":{"rendered":"<p>Bogot\u00e1 D.C., lunes 17 de diciembre de 2018.&nbsp;La Direcci\u00f3n Seccional de Impuestos y Aduanas de Florencia se convirti\u00f3 en pionera de la certificaci\u00f3n para los primeros docentes en el Programa Cultura de la Contribuci\u00f3n en la Escuela, liderado por la Direcci\u00f3n de Gesti\u00f3n de Ingresos, a trav\u00e9s de la Coordinaci\u00f3n Cultura de la Contribuci\u00f3n. El [&hellip;]<\/p>\n","protected":false},"author":1,"featured_media":454,"comment_status":"open","ping_status":"open","sticky":false,"template":"","format":"standard","meta":{"_et_pb_use_builder":"off","_et_pb_old_content":"","_et_gb_content_width":"","footnotes":""},"categories":[1],"tags":[],"class_list":["post-453","post","type-post","status-publish","format-standard","has-post-thumbnail","hentry","category-cce"],"yoast_head":"<!-- This site is optimized with the Yoast SEO Premium plugin v18.5 (Yoast SEO v27.2) - https:\/\/yoast.com\/product\/yoast-seo-premium-wordpress\/ -->\n<title>Cultura de la Contribuci\u00f3n en la Escuela certifica primeros docentes<\/title>\n<meta name=\"description\" content=\"El programa de Educaci\u00f3n Fiscal est\u00e1 dirigido principalmente a las instituciones educativas de b\u00e1sica primaria y secundaria, conozca sobre el evento\" \/>\n<meta name=\"robots\" content=\"index, follow, max-snippet:-1, max-image-preview:large, max-video-preview:-1\" \/>\n<link rel=\"canonical\" href=\"https:\/\/micrositios.dian.gov.co\/cultura-de-contribucion\/2018\/12\/17\/cultura-de-la-contribucion-en-la-escuela-certifica-primeros-docentes\/\" \/>\n<meta property=\"og:locale\" content=\"es_ES\" \/>\n<meta property=\"og:type\" content=\"article\" \/>\n<meta property=\"og:title\" content=\"Cultura de la Contribuci\u00f3n en la Escuela certifica primeros docentes\" \/>\n<meta property=\"og:description\" content=\"El programa de Educaci\u00f3n Fiscal est\u00e1 dirigido principalmente a las instituciones educativas de b\u00e1sica primaria y secundaria, conozca sobre el evento\" \/>\n<meta property=\"og:url\" content=\"https:\/\/micrositios.dian.gov.co\/cultura-de-contribucion\/2018\/12\/17\/cultura-de-la-contribucion-en-la-escuela-certifica-primeros-docentes\/\" \/>\n<meta property=\"og:site_name\" content=\"Cultura de la Contribuci\u00f3n\" \/>\n<meta property=\"article:published_time\" content=\"2018-12-17T18:40:00+00:00\" \/>\n<meta property=\"article:modified_time\" content=\"2023-01-17T17:37:18+00:00\" \/>\n<meta property=\"og:image\" content=\"https:\/\/micrositios.dian.gov.co\/cultura-de-contribucion\/wp-content\/uploads\/sites\/7\/2023\/01\/Micrositio_Contribution.jpg\" \/>\n\t<meta property=\"og:image:width\" content=\"795\" \/>\n\t<meta property=\"og:image:height\" content=\"397\" \/>\n\t<meta property=\"og:image:type\" content=\"image\/jpeg\" \/>\n<meta name=\"author\" content=\"dianadmms\" \/>\n<meta name=\"twitter:card\" content=\"summary_large_image\" \/>\n<meta name=\"twitter:title\" content=\"Cultura de la Contribuci\u00f3n en la Escuela certifica primeros docentes\" \/>\n<meta name=\"twitter:description\" content=\"El programa de Educaci\u00f3n Fiscal est\u00e1 dirigido principalmente a las instituciones educativas de b\u00e1sica primaria y secundaria, conozca sobre el evento\" \/>\n<meta name=\"twitter:label1\" content=\"Escrito por\" \/>\n\t<meta name=\"twitter:data1\" content=\"dianadmms\" \/>\n\t<meta name=\"twitter:label2\" content=\"Tiempo de lectura\" \/>\n\t<meta name=\"twitter:data2\" content=\"2 minutos\" \/>\n<script type=\"application\/ld+json\" class=\"yoast-schema-graph\">{\"@context\":\"https:\/\/schema.org\",\"@graph\":[{\"@type\":\"Article\",\"@id\":\"https:\/\/micrositios.dian.gov.co\/cultura-de-contribucion\/2018\/12\/17\/cultura-de-la-contribucion-en-la-escuela-certifica-primeros-docentes\/#article\",\"isPartOf\":{\"@id\":\"https:\/\/micrositios.dian.gov.co\/cultura-de-contribucion\/2018\/12\/17\/cultura-de-la-contribucion-en-la-escuela-certifica-primeros-docentes\/\"},\"author\":{\"name\":\"dianadmms\",\"@id\":\"https:\/\/micrositios.dian.gov.co\/cultura-de-contribucion\/#\/schema\/person\/74b5359e9538b6478a28b4c616bcd9ba\"},\"headline\":\"Cultura de la Contribuci\u00f3n en la Escuela certifica primeros docentes\",\"datePublished\":\"2018-12-17T18:40:00+00:00\",\"dateModified\":\"2023-01-17T17:37:18+00:00\",\"mainEntityOfPage\":{\"@id\":\"https:\/\/micrositios.dian.gov.co\/cultura-de-contribucion\/2018\/12\/17\/cultura-de-la-contribucion-en-la-escuela-certifica-primeros-docentes\/\"},\"wordCount\":300,\"commentCount\":0,\"image\":{\"@id\":\"https:\/\/micrositios.dian.gov.co\/cultura-de-contribucion\/2018\/12\/17\/cultura-de-la-contribucion-en-la-escuela-certifica-primeros-docentes\/#primaryimage\"},\"thumbnailUrl\":\"https:\/\/micrositios.dian.gov.co\/cultura-de-contribucion\/wp-content\/uploads\/sites\/7\/2022\/09\/05122018b_florencia.jpg\",\"articleSection\":[\"CCE\"],\"inLanguage\":\"es-CO\",\"potentialAction\":[{\"@type\":\"CommentAction\",\"name\":\"Comment\",\"target\":[\"https:\/\/micrositios.dian.gov.co\/cultura-de-contribucion\/2018\/12\/17\/cultura-de-la-contribucion-en-la-escuela-certifica-primeros-docentes\/#respond\"]}]},{\"@type\":\"WebPage\",\"@id\":\"https:\/\/micrositios.dian.gov.co\/cultura-de-contribucion\/2018\/12\/17\/cultura-de-la-contribucion-en-la-escuela-certifica-primeros-docentes\/\",\"url\":\"https:\/\/micrositios.dian.gov.co\/cultura-de-contribucion\/2018\/12\/17\/cultura-de-la-contribucion-en-la-escuela-certifica-primeros-docentes\/\",\"name\":\"Cultura de la Contribuci\u00f3n en la Escuela certifica primeros docentes\",\"isPartOf\":{\"@id\":\"https:\/\/micrositios.dian.gov.co\/cultura-de-contribucion\/#website\"},\"primaryImageOfPage\":{\"@id\":\"https:\/\/micrositios.dian.gov.co\/cultura-de-contribucion\/2018\/12\/17\/cultura-de-la-contribucion-en-la-escuela-certifica-primeros-docentes\/#primaryimage\"},\"image\":{\"@id\":\"https:\/\/micrositios.dian.gov.co\/cultura-de-contribucion\/2018\/12\/17\/cultura-de-la-contribucion-en-la-escuela-certifica-primeros-docentes\/#primaryimage\"},\"thumbnailUrl\":\"https:\/\/micrositios.dian.gov.co\/cultura-de-contribucion\/wp-content\/uploads\/sites\/7\/2022\/09\/05122018b_florencia.jpg\",\"datePublished\":\"2018-12-17T18:40:00+00:00\",\"dateModified\":\"2023-01-17T17:37:18+00:00\",\"author\":{\"@id\":\"https:\/\/micrositios.dian.gov.co\/cultura-de-contribucion\/#\/schema\/person\/74b5359e9538b6478a28b4c616bcd9ba\"},\"description\":\"El programa de Educaci\u00f3n Fiscal est\u00e1 dirigido principalmente a las instituciones educativas de b\u00e1sica primaria y secundaria, conozca sobre el evento\",\"breadcrumb\":{\"@id\":\"https:\/\/micrositios.dian.gov.co\/cultura-de-contribucion\/2018\/12\/17\/cultura-de-la-contribucion-en-la-escuela-certifica-primeros-docentes\/#breadcrumb\"},\"inLanguage\":\"es-CO\",\"potentialAction\":[{\"@type\":\"ReadAction\",\"target\":[\"https:\/\/micrositios.dian.gov.co\/cultura-de-contribucion\/2018\/12\/17\/cultura-de-la-contribucion-en-la-escuela-certifica-primeros-docentes\/\"]}]},{\"@type\":\"ImageObject\",\"inLanguage\":\"es-CO\",\"@id\":\"https:\/\/micrositios.dian.gov.co\/cultura-de-contribucion\/2018\/12\/17\/cultura-de-la-contribucion-en-la-escuela-certifica-primeros-docentes\/#primaryimage\",\"url\":\"https:\/\/micrositios.dian.gov.co\/cultura-de-contribucion\/wp-content\/uploads\/sites\/7\/2022\/09\/05122018b_florencia.jpg\",\"contentUrl\":\"https:\/\/micrositios.dian.gov.co\/cultura-de-contribucion\/wp-content\/uploads\/sites\/7\/2022\/09\/05122018b_florencia.jpg\",\"width\":1207,\"height\":386,\"caption\":\"Certificaci\u00f3n primeros docentes\"},{\"@type\":\"BreadcrumbList\",\"@id\":\"https:\/\/micrositios.dian.gov.co\/cultura-de-contribucion\/2018\/12\/17\/cultura-de-la-contribucion-en-la-escuela-certifica-primeros-docentes\/#breadcrumb\",\"itemListElement\":[{\"@type\":\"ListItem\",\"position\":1,\"name\":\"Portada\",\"item\":\"https:\/\/micrositios.dian.gov.co\/cultura-de-contribucion\/\"},{\"@type\":\"ListItem\",\"position\":2,\"name\":\"Cultura de la Contribuci\u00f3n en la Escuela certifica primeros docentes\"}]},{\"@type\":\"WebSite\",\"@id\":\"https:\/\/micrositios.dian.gov.co\/cultura-de-contribucion\/#website\",\"url\":\"https:\/\/micrositios.dian.gov.co\/cultura-de-contribucion\/\",\"name\":\"Cultura de la Contribuci\u00f3n\",\"description\":\"DIAN\",\"potentialAction\":[{\"@type\":\"SearchAction\",\"target\":{\"@type\":\"EntryPoint\",\"urlTemplate\":\"https:\/\/micrositios.dian.gov.co\/cultura-de-contribucion\/?s={search_term_string}\"},\"query-input\":{\"@type\":\"PropertyValueSpecification\",\"valueRequired\":true,\"valueName\":\"search_term_string\"}}],\"inLanguage\":\"es-CO\"},{\"@type\":\"Person\",\"@id\":\"https:\/\/micrositios.dian.gov.co\/cultura-de-contribucion\/#\/schema\/person\/74b5359e9538b6478a28b4c616bcd9ba\",\"name\":\"dianadmms\",\"image\":{\"@type\":\"ImageObject\",\"inLanguage\":\"es-CO\",\"@id\":\"https:\/\/secure.gravatar.com\/avatar\/cf034220fbe936a1aa49c22547ceba7f93a17f53efe31b0edc2f4f6e3d451845?s=96&d=mm&r=g\",\"url\":\"https:\/\/secure.gravatar.com\/avatar\/cf034220fbe936a1aa49c22547ceba7f93a17f53efe31b0edc2f4f6e3d451845?s=96&d=mm&r=g\",\"contentUrl\":\"https:\/\/secure.gravatar.com\/avatar\/cf034220fbe936a1aa49c22547ceba7f93a17f53efe31b0edc2f4f6e3d451845?s=96&d=mm&r=g\",\"caption\":\"dianadmms\"},\"sameAs\":[\"https:\/\/micrositios.dian.gov.co\"],\"url\":\"https:\/\/micrositios.dian.gov.co\/cultura-de-contribucion\/author\/dianadmms\/\"}]}<\/script>\n<!-- \/ Yoast SEO Premium plugin. -->","yoast_head_json":{"title":"Cultura de la Contribuci\u00f3n en la Escuela certifica primeros docentes","description":"El programa de Educaci\u00f3n Fiscal est\u00e1 dirigido principalmente a las instituciones educativas de b\u00e1sica primaria y secundaria, conozca sobre el evento","robots":{"index":"index","follow":"follow","max-snippet":"max-snippet:-1","max-image-preview":"max-image-preview:large","max-video-preview":"max-video-preview:-1"},"canonical":"https:\/\/micrositios.dian.gov.co\/cultura-de-contribucion\/2018\/12\/17\/cultura-de-la-contribucion-en-la-escuela-certifica-primeros-docentes\/","og_locale":"es_ES","og_type":"article","og_title":"Cultura de la Contribuci\u00f3n en la Escuela certifica primeros docentes","og_description":"El programa de Educaci\u00f3n Fiscal est\u00e1 dirigido principalmente a las instituciones educativas de b\u00e1sica primaria y secundaria, conozca sobre el evento","og_url":"https:\/\/micrositios.dian.gov.co\/cultura-de-contribucion\/2018\/12\/17\/cultura-de-la-contribucion-en-la-escuela-certifica-primeros-docentes\/","og_site_name":"Cultura de la Contribuci\u00f3n","article_published_time":"2018-12-17T18:40:00+00:00","article_modified_time":"2023-01-17T17:37:18+00:00","og_image":[{"width":795,"height":397,"url":"https:\/\/micrositios.dian.gov.co\/cultura-de-contribucion\/wp-content\/uploads\/sites\/7\/2023\/01\/Micrositio_Contribution.jpg","type":"image\/jpeg"}],"author":"dianadmms","twitter_card":"summary_large_image","twitter_title":"Cultura de la Contribuci\u00f3n en la Escuela certifica primeros docentes","twitter_description":"El programa de Educaci\u00f3n Fiscal est\u00e1 dirigido principalmente a las instituciones educativas de b\u00e1sica primaria y secundaria, conozca sobre el evento","twitter_misc":{"Escrito por":"dianadmms","Tiempo de lectura":"2 minutos"},"schema":{"@context":"https:\/\/schema.org","@graph":[{"@type":"Article","@id":"https:\/\/micrositios.dian.gov.co\/cultura-de-contribucion\/2018\/12\/17\/cultura-de-la-contribucion-en-la-escuela-certifica-primeros-docentes\/#article","isPartOf":{"@id":"https:\/\/micrositios.dian.gov.co\/cultura-de-contribucion\/2018\/12\/17\/cultura-de-la-contribucion-en-la-escuela-certifica-primeros-docentes\/"},"author":{"name":"dianadmms","@id":"https:\/\/micrositios.dian.gov.co\/cultura-de-contribucion\/#\/schema\/person\/74b5359e9538b6478a28b4c616bcd9ba"},"headline":"Cultura de la Contribuci\u00f3n en la Escuela certifica primeros docentes","datePublished":"2018-12-17T18:40:00+00:00","dateModified":"2023-01-17T17:37:18+00:00","mainEntityOfPage":{"@id":"https:\/\/micrositios.dian.gov.co\/cultura-de-contribucion\/2018\/12\/17\/cultura-de-la-contribucion-en-la-escuela-certifica-primeros-docentes\/"},"wordCount":300,"commentCount":0,"image":{"@id":"https:\/\/micrositios.dian.gov.co\/cultura-de-contribucion\/2018\/12\/17\/cultura-de-la-contribucion-en-la-escuela-certifica-primeros-docentes\/#primaryimage"},"thumbnailUrl":"https:\/\/micrositios.dian.gov.co\/cultura-de-contribucion\/wp-content\/uploads\/sites\/7\/2022\/09\/05122018b_florencia.jpg","articleSection":["CCE"],"inLanguage":"es-CO","potentialAction":[{"@type":"CommentAction","name":"Comment","target":["https:\/\/micrositios.dian.gov.co\/cultura-de-contribucion\/2018\/12\/17\/cultura-de-la-contribucion-en-la-escuela-certifica-primeros-docentes\/#respond"]}]},{"@type":"WebPage","@id":"https:\/\/micrositios.dian.gov.co\/cultura-de-contribucion\/2018\/12\/17\/cultura-de-la-contribucion-en-la-escuela-certifica-primeros-docentes\/","url":"https:\/\/micrositios.dian.gov.co\/cultura-de-contribucion\/2018\/12\/17\/cultura-de-la-contribucion-en-la-escuela-certifica-primeros-docentes\/","name":"Cultura de la Contribuci\u00f3n en la Escuela certifica primeros docentes","isPartOf":{"@id":"https:\/\/micrositios.dian.gov.co\/cultura-de-contribucion\/#website"},"primaryImageOfPage":{"@id":"https:\/\/micrositios.dian.gov.co\/cultura-de-contribucion\/2018\/12\/17\/cultura-de-la-contribucion-en-la-escuela-certifica-primeros-docentes\/#primaryimage"},"image":{"@id":"https:\/\/micrositios.dian.gov.co\/cultura-de-contribucion\/2018\/12\/17\/cultura-de-la-contribucion-en-la-escuela-certifica-primeros-docentes\/#primaryimage"},"thumbnailUrl":"https:\/\/micrositios.dian.gov.co\/cultura-de-contribucion\/wp-content\/uploads\/sites\/7\/2022\/09\/05122018b_florencia.jpg","datePublished":"2018-12-17T18:40:00+00:00","dateModified":"2023-01-17T17:37:18+00:00","author":{"@id":"https:\/\/micrositios.dian.gov.co\/cultura-de-contribucion\/#\/schema\/person\/74b5359e9538b6478a28b4c616bcd9ba"},"description":"El programa de Educaci\u00f3n Fiscal est\u00e1 dirigido principalmente a las instituciones educativas de b\u00e1sica primaria y secundaria, conozca sobre el evento","breadcrumb":{"@id":"https:\/\/micrositios.dian.gov.co\/cultura-de-contribucion\/2018\/12\/17\/cultura-de-la-contribucion-en-la-escuela-certifica-primeros-docentes\/#breadcrumb"},"inLanguage":"es-CO","potentialAction":[{"@type":"ReadAction","target":["https:\/\/micrositios.dian.gov.co\/cultura-de-contribucion\/2018\/12\/17\/cultura-de-la-contribucion-en-la-escuela-certifica-primeros-docentes\/"]}]},{"@type":"ImageObject","inLanguage":"es-CO","@id":"https:\/\/micrositios.dian.gov.co\/cultura-de-contribucion\/2018\/12\/17\/cultura-de-la-contribucion-en-la-escuela-certifica-primeros-docentes\/#primaryimage","url":"https:\/\/micrositios.dian.gov.co\/cultura-de-contribucion\/wp-content\/uploads\/sites\/7\/2022\/09\/05122018b_florencia.jpg","contentUrl":"https:\/\/micrositios.dian.gov.co\/cultura-de-contribucion\/wp-content\/uploads\/sites\/7\/2022\/09\/05122018b_florencia.jpg","width":1207,"height":386,"caption":"Certificaci\u00f3n primeros docentes"},{"@type":"BreadcrumbList","@id":"https:\/\/micrositios.dian.gov.co\/cultura-de-contribucion\/2018\/12\/17\/cultura-de-la-contribucion-en-la-escuela-certifica-primeros-docentes\/#breadcrumb","itemListElement":[{"@type":"ListItem","position":1,"name":"Portada","item":"https:\/\/micrositios.dian.gov.co\/cultura-de-contribucion\/"},{"@type":"ListItem","position":2,"name":"Cultura de la Contribuci\u00f3n en la Escuela certifica primeros docentes"}]},{"@type":"WebSite","@id":"https:\/\/micrositios.dian.gov.co\/cultura-de-contribucion\/#website","url":"https:\/\/micrositios.dian.gov.co\/cultura-de-contribucion\/","name":"Cultura de la Contribuci\u00f3n","description":"DIAN","potentialAction":[{"@type":"SearchAction","target":{"@type":"EntryPoint","urlTemplate":"https:\/\/micrositios.dian.gov.co\/cultura-de-contribucion\/?s={search_term_string}"},"query-input":{"@type":"PropertyValueSpecification","valueRequired":true,"valueName":"search_term_string"}}],"inLanguage":"es-CO"},{"@type":"Person","@id":"https:\/\/micrositios.dian.gov.co\/cultura-de-contribucion\/#\/schema\/person\/74b5359e9538b6478a28b4c616bcd9ba","name":"dianadmms","image":{"@type":"ImageObject","inLanguage":"es-CO","@id":"https:\/\/secure.gravatar.com\/avatar\/cf034220fbe936a1aa49c22547ceba7f93a17f53efe31b0edc2f4f6e3d451845?s=96&d=mm&r=g","url":"https:\/\/secure.gravatar.com\/avatar\/cf034220fbe936a1aa49c22547ceba7f93a17f53efe31b0edc2f4f6e3d451845?s=96&d=mm&r=g","contentUrl":"https:\/\/secure.gravatar.com\/avatar\/cf034220fbe936a1aa49c22547ceba7f93a17f53efe31b0edc2f4f6e3d451845?s=96&d=mm&r=g","caption":"dianadmms"},"sameAs":["https:\/\/micrositios.dian.gov.co"],"url":"https:\/\/micrositios.dian.gov.co\/cultura-de-contribucion\/author\/dianadmms\/"}]}},"_links":{"self":[{"href":"https:\/\/micrositios.dian.gov.co\/cultura-de-contribucion\/wp-json\/wp\/v2\/posts\/453","targetHints":{"allow":["GET"]}}],"collection":[{"href":"https:\/\/micrositios.dian.gov.co\/cultura-de-contribucion\/wp-json\/wp\/v2\/posts"}],"about":[{"href":"https:\/\/micrositios.dian.gov.co\/cultura-de-contribucion\/wp-json\/wp\/v2\/types\/post"}],"author":[{"embeddable":true,"href":"https:\/\/micrositios.dian.gov.co\/cultura-de-contribucion\/wp-json\/wp\/v2\/users\/1"}],"replies":[{"embeddable":true,"href":"https:\/\/micrositios.dian.gov.co\/cultura-de-contribucion\/wp-json\/wp\/v2\/comments?post=453"}],"version-history":[{"count":1,"href":"https:\/\/micrositios.dian.gov.co\/cultura-de-contribucion\/wp-json\/wp\/v2\/posts\/453\/revisions"}],"predecessor-version":[{"id":455,"href":"https:\/\/micrositios.dian.gov.co\/cultura-de-contribucion\/wp-json\/wp\/v2\/posts\/453\/revisions\/455"}],"wp:featuredmedia":[{"embeddable":true,"href":"https:\/\/micrositios.dian.gov.co\/cultura-de-contribucion\/wp-json\/wp\/v2\/media\/454"}],"wp:attachment":[{"href":"https:\/\/micrositios.dian.gov.co\/cultura-de-contribucion\/wp-json\/wp\/v2\/media?parent=453"}],"wp:term":[{"taxonomy":"category","embeddable":true,"href":"https:\/\/micrositios.dian.gov.co\/cultura-de-contribucion\/wp-json\/wp\/v2\/categories?post=453"},{"taxonomy":"post_tag","embeddable":true,"href":"https:\/\/micrositios.dian.gov.co\/cultura-de-contribucion\/wp-json\/wp\/v2\/tags?post=453"}],"curies":[{"name":"wp","href":"https:\/\/api.w.org\/{rel}","templated":true}]}}