{"id":1722,"date":"2026-03-12T09:18:00","date_gmt":"2026-03-12T14:18:00","guid":{"rendered":"https:\/\/micrositios.dian.gov.co\/cultura-de-contribucion\/?p=1722"},"modified":"2026-04-24T10:22:26","modified_gmt":"2026-04-24T15:22:26","slug":"avanza-entrenamiento-de-los-naf-aduaneros-de-cali","status":"publish","type":"post","link":"https:\/\/micrositios.dian.gov.co\/cultura-de-contribucion\/2026\/03\/12\/avanza-entrenamiento-de-los-naf-aduaneros-de-cali\/","title":{"rendered":"Avanza entrenamiento de los NAF Aduaneros de Cali"},"content":{"rendered":"\n<p><strong><em>Esta primera etapa incluye capacitaciones de expertos para afianzar los conocimientos que los estudiantes pondr\u00e1n los estudiantes al servicio de la ciudadan\u00eda.<\/em><\/strong><\/p>\n\n\n\n<p><strong>Cali, 12 de marzo de 2026. <\/strong>La Direcci\u00f3n Seccional de Aduanas de Cali dio inicio a la fase de capacitaci\u00f3n de los N\u00facleos de Apoyo Contable y Fiscal (NAF) con enfoque aduanero, con 89 estudiantes de la Universidad Aut\u00f3noma de Occidente, la Universidad de San Buenaventura Cali, la Universidad Santiago de Cali y la Universidad del Valle.<\/p>\n\n\n\n<p>En esta etapa, los participantes recibir\u00e1n capacitaci\u00f3n por parte de funcionarios expertos de la DIAN en el r\u00e9gimen de exportaci\u00f3n e importaci\u00f3n, tr\u00e1nsito aduanero, Ventanilla \u00danica de Comercio Exterior (VUCE), R\u00e9gimen Sancionatorio Aduanero, Origen, Valoraci\u00f3n aduanera, entre otros.<\/p>\n\n\n\n<p>Adem\u00e1s, desde la Divisi\u00f3n de Servicio al Ciudadano se socializar\u00e1n casos reales de orientaci\u00f3n aduanera, para acercar a los estudiantes a la vivencia pr\u00e1ctica a la que se enfrentar\u00e1n en la fase 2 del programa NAF, en la que brindar\u00e1n orientaci\u00f3n gratuita a usuarios del comercio exterior.<\/p>\n\n\n\n<p><\/p>\n\n\n\n<figure class=\"wp-block-gallery has-nested-images columns-default is-cropped wp-block-gallery-1 is-layout-flex wp-block-gallery-is-layout-flex\">\n<figure class=\"wp-block-image size-large\"><img decoding=\"async\" width=\"640\" height=\"360\" data-id=\"1726\" src=\"https:\/\/micrositios.dian.gov.co\/cultura-de-contribucion\/wp-content\/uploads\/sites\/7\/2026\/03\/640-180320261.jpg\" alt=\"\" class=\"wp-image-1726\" srcset=\"https:\/\/micrositios.dian.gov.co\/cultura-de-contribucion\/wp-content\/uploads\/sites\/7\/2026\/03\/640-180320261.jpg 640w, https:\/\/micrositios.dian.gov.co\/cultura-de-contribucion\/wp-content\/uploads\/sites\/7\/2026\/03\/640-180320261-480x270.jpg 480w\" sizes=\"(min-width: 0px) and (max-width: 480px) 480px, (min-width: 481px) 640px, 100vw\" \/><\/figure>\n\n\n\n<figure class=\"wp-block-image size-large\"><img decoding=\"async\" width=\"640\" height=\"361\" data-id=\"1727\" src=\"https:\/\/micrositios.dian.gov.co\/cultura-de-contribucion\/wp-content\/uploads\/sites\/7\/2026\/03\/640-180320262.jpg\" alt=\"\" class=\"wp-image-1727\" srcset=\"https:\/\/micrositios.dian.gov.co\/cultura-de-contribucion\/wp-content\/uploads\/sites\/7\/2026\/03\/640-180320262.jpg 640w, https:\/\/micrositios.dian.gov.co\/cultura-de-contribucion\/wp-content\/uploads\/sites\/7\/2026\/03\/640-180320262-480x271.jpg 480w\" sizes=\"(min-width: 0px) and (max-width: 480px) 480px, (min-width: 481px) 640px, 100vw\" \/><\/figure>\n<\/figure>\n\n\n\n<p><\/p>\n\n\n\n<p><em>Direcci\u00f3n Seccional de Aduanas de Cali<\/em><\/p>\n","protected":false},"excerpt":{"rendered":"<p>Esta primera etapa incluye capacitaciones de expertos para afianzar los conocimientos que los estudiantes pondr\u00e1n los estudiantes al servicio de la ciudadan\u00eda. Cali, 12 de marzo de 2026. La Direcci\u00f3n Seccional de Aduanas de Cali dio inicio a la fase de capacitaci\u00f3n de los N\u00facleos de Apoyo Contable y Fiscal (NAF) con enfoque aduanero, con [&hellip;]<\/p>\n","protected":false},"author":1,"featured_media":1720,"comment_status":"open","ping_status":"open","sticky":false,"template":"","format":"standard","meta":{"_et_pb_use_builder":"off","_et_pb_old_content":"","_et_gb_content_width":"","footnotes":""},"categories":[10],"tags":[],"class_list":["post-1722","post","type-post","status-publish","format-standard","has-post-thumbnail","hentry","category-somos-naf"],"yoast_head":"<!-- This site is optimized with the Yoast SEO Premium plugin v18.5 (Yoast SEO v27.2) - https:\/\/yoast.com\/product\/yoast-seo-premium-wordpress\/ -->\n<title>Avanza entrenamiento de los NAF Aduaneros de Cali - Cultura de la Contribuci\u00f3n<\/title>\n<meta name=\"robots\" content=\"index, follow, max-snippet:-1, max-image-preview:large, max-video-preview:-1\" \/>\n<link rel=\"canonical\" href=\"https:\/\/micrositios.dian.gov.co\/cultura-de-contribucion\/2026\/03\/12\/avanza-entrenamiento-de-los-naf-aduaneros-de-cali\/\" \/>\n<meta property=\"og:locale\" content=\"es_ES\" \/>\n<meta property=\"og:type\" content=\"article\" \/>\n<meta property=\"og:title\" content=\"Avanza entrenamiento de los NAF Aduaneros de Cali\" \/>\n<meta property=\"og:description\" content=\"Esta primera etapa incluye capacitaciones de expertos para afianzar los conocimientos que los estudiantes pondr\u00e1n los estudiantes al servicio de la ciudadan\u00eda. Cali, 12 de marzo de 2026. La Direcci\u00f3n Seccional de Aduanas de Cali dio inicio a la fase de capacitaci\u00f3n de los N\u00facleos de Apoyo Contable y Fiscal (NAF) con enfoque aduanero, con [&hellip;]\" \/>\n<meta property=\"og:url\" content=\"https:\/\/micrositios.dian.gov.co\/cultura-de-contribucion\/2026\/03\/12\/avanza-entrenamiento-de-los-naf-aduaneros-de-cali\/\" \/>\n<meta property=\"og:site_name\" content=\"Cultura de la Contribuci\u00f3n\" \/>\n<meta property=\"article:published_time\" content=\"2026-03-12T14:18:00+00:00\" \/>\n<meta property=\"article:modified_time\" content=\"2026-04-24T15:22:26+00:00\" \/>\n<meta property=\"og:image\" content=\"https:\/\/micrositios.dian.gov.co\/cultura-de-contribucion\/wp-content\/uploads\/sites\/7\/2026\/04\/786-UAO-30032026.jpg\" \/>\n\t<meta property=\"og:image:width\" content=\"757\" \/>\n\t<meta property=\"og:image:height\" content=\"256\" \/>\n\t<meta property=\"og:image:type\" content=\"image\/jpeg\" \/>\n<meta name=\"author\" content=\"dianadmms\" \/>\n<meta name=\"twitter:card\" content=\"summary_large_image\" \/>\n<meta name=\"twitter:label1\" content=\"Escrito por\" \/>\n\t<meta name=\"twitter:data1\" content=\"dianadmms\" \/>\n\t<meta name=\"twitter:label2\" content=\"Tiempo de lectura\" \/>\n\t<meta name=\"twitter:data2\" content=\"2 minutos\" \/>\n<script type=\"application\/ld+json\" class=\"yoast-schema-graph\">{\"@context\":\"https:\/\/schema.org\",\"@graph\":[{\"@type\":\"Article\",\"@id\":\"https:\/\/micrositios.dian.gov.co\/cultura-de-contribucion\/2026\/03\/12\/avanza-entrenamiento-de-los-naf-aduaneros-de-cali\/#article\",\"isPartOf\":{\"@id\":\"https:\/\/micrositios.dian.gov.co\/cultura-de-contribucion\/2026\/03\/12\/avanza-entrenamiento-de-los-naf-aduaneros-de-cali\/\"},\"author\":{\"name\":\"dianadmms\",\"@id\":\"https:\/\/micrositios.dian.gov.co\/cultura-de-contribucion\/#\/schema\/person\/74b5359e9538b6478a28b4c616bcd9ba\"},\"headline\":\"Avanza entrenamiento de los NAF Aduaneros de Cali\",\"datePublished\":\"2026-03-12T14:18:00+00:00\",\"dateModified\":\"2026-04-24T15:22:26+00:00\",\"mainEntityOfPage\":{\"@id\":\"https:\/\/micrositios.dian.gov.co\/cultura-de-contribucion\/2026\/03\/12\/avanza-entrenamiento-de-los-naf-aduaneros-de-cali\/\"},\"wordCount\":197,\"commentCount\":0,\"image\":{\"@id\":\"https:\/\/micrositios.dian.gov.co\/cultura-de-contribucion\/2026\/03\/12\/avanza-entrenamiento-de-los-naf-aduaneros-de-cali\/#primaryimage\"},\"thumbnailUrl\":\"https:\/\/micrositios.dian.gov.co\/cultura-de-contribucion\/wp-content\/uploads\/sites\/7\/2026\/04\/786-UAO-30032026.jpg\",\"articleSection\":[\"Somos NAF\"],\"inLanguage\":\"es-CO\",\"potentialAction\":[{\"@type\":\"CommentAction\",\"name\":\"Comment\",\"target\":[\"https:\/\/micrositios.dian.gov.co\/cultura-de-contribucion\/2026\/03\/12\/avanza-entrenamiento-de-los-naf-aduaneros-de-cali\/#respond\"]}]},{\"@type\":\"WebPage\",\"@id\":\"https:\/\/micrositios.dian.gov.co\/cultura-de-contribucion\/2026\/03\/12\/avanza-entrenamiento-de-los-naf-aduaneros-de-cali\/\",\"url\":\"https:\/\/micrositios.dian.gov.co\/cultura-de-contribucion\/2026\/03\/12\/avanza-entrenamiento-de-los-naf-aduaneros-de-cali\/\",\"name\":\"Avanza entrenamiento de los NAF Aduaneros de Cali - Cultura de la Contribuci\u00f3n\",\"isPartOf\":{\"@id\":\"https:\/\/micrositios.dian.gov.co\/cultura-de-contribucion\/#website\"},\"primaryImageOfPage\":{\"@id\":\"https:\/\/micrositios.dian.gov.co\/cultura-de-contribucion\/2026\/03\/12\/avanza-entrenamiento-de-los-naf-aduaneros-de-cali\/#primaryimage\"},\"image\":{\"@id\":\"https:\/\/micrositios.dian.gov.co\/cultura-de-contribucion\/2026\/03\/12\/avanza-entrenamiento-de-los-naf-aduaneros-de-cali\/#primaryimage\"},\"thumbnailUrl\":\"https:\/\/micrositios.dian.gov.co\/cultura-de-contribucion\/wp-content\/uploads\/sites\/7\/2026\/04\/786-UAO-30032026.jpg\",\"datePublished\":\"2026-03-12T14:18:00+00:00\",\"dateModified\":\"2026-04-24T15:22:26+00:00\",\"author\":{\"@id\":\"https:\/\/micrositios.dian.gov.co\/cultura-de-contribucion\/#\/schema\/person\/74b5359e9538b6478a28b4c616bcd9ba\"},\"breadcrumb\":{\"@id\":\"https:\/\/micrositios.dian.gov.co\/cultura-de-contribucion\/2026\/03\/12\/avanza-entrenamiento-de-los-naf-aduaneros-de-cali\/#breadcrumb\"},\"inLanguage\":\"es-CO\",\"potentialAction\":[{\"@type\":\"ReadAction\",\"target\":[\"https:\/\/micrositios.dian.gov.co\/cultura-de-contribucion\/2026\/03\/12\/avanza-entrenamiento-de-los-naf-aduaneros-de-cali\/\"]}]},{\"@type\":\"ImageObject\",\"inLanguage\":\"es-CO\",\"@id\":\"https:\/\/micrositios.dian.gov.co\/cultura-de-contribucion\/2026\/03\/12\/avanza-entrenamiento-de-los-naf-aduaneros-de-cali\/#primaryimage\",\"url\":\"https:\/\/micrositios.dian.gov.co\/cultura-de-contribucion\/wp-content\/uploads\/sites\/7\/2026\/04\/786-UAO-30032026.jpg\",\"contentUrl\":\"https:\/\/micrositios.dian.gov.co\/cultura-de-contribucion\/wp-content\/uploads\/sites\/7\/2026\/04\/786-UAO-30032026.jpg\",\"width\":757,\"height\":256},{\"@type\":\"BreadcrumbList\",\"@id\":\"https:\/\/micrositios.dian.gov.co\/cultura-de-contribucion\/2026\/03\/12\/avanza-entrenamiento-de-los-naf-aduaneros-de-cali\/#breadcrumb\",\"itemListElement\":[{\"@type\":\"ListItem\",\"position\":1,\"name\":\"Portada\",\"item\":\"https:\/\/micrositios.dian.gov.co\/cultura-de-contribucion\/\"},{\"@type\":\"ListItem\",\"position\":2,\"name\":\"Avanza entrenamiento de los NAF Aduaneros de Cali\"}]},{\"@type\":\"WebSite\",\"@id\":\"https:\/\/micrositios.dian.gov.co\/cultura-de-contribucion\/#website\",\"url\":\"https:\/\/micrositios.dian.gov.co\/cultura-de-contribucion\/\",\"name\":\"Cultura de la Contribuci\u00f3n\",\"description\":\"DIAN\",\"potentialAction\":[{\"@type\":\"SearchAction\",\"target\":{\"@type\":\"EntryPoint\",\"urlTemplate\":\"https:\/\/micrositios.dian.gov.co\/cultura-de-contribucion\/?s={search_term_string}\"},\"query-input\":{\"@type\":\"PropertyValueSpecification\",\"valueRequired\":true,\"valueName\":\"search_term_string\"}}],\"inLanguage\":\"es-CO\"},{\"@type\":\"Person\",\"@id\":\"https:\/\/micrositios.dian.gov.co\/cultura-de-contribucion\/#\/schema\/person\/74b5359e9538b6478a28b4c616bcd9ba\",\"name\":\"dianadmms\",\"image\":{\"@type\":\"ImageObject\",\"inLanguage\":\"es-CO\",\"@id\":\"https:\/\/secure.gravatar.com\/avatar\/cf034220fbe936a1aa49c22547ceba7f93a17f53efe31b0edc2f4f6e3d451845?s=96&d=mm&r=g\",\"url\":\"https:\/\/secure.gravatar.com\/avatar\/cf034220fbe936a1aa49c22547ceba7f93a17f53efe31b0edc2f4f6e3d451845?s=96&d=mm&r=g\",\"contentUrl\":\"https:\/\/secure.gravatar.com\/avatar\/cf034220fbe936a1aa49c22547ceba7f93a17f53efe31b0edc2f4f6e3d451845?s=96&d=mm&r=g\",\"caption\":\"dianadmms\"},\"sameAs\":[\"https:\/\/micrositios.dian.gov.co\"],\"url\":\"https:\/\/micrositios.dian.gov.co\/cultura-de-contribucion\/author\/dianadmms\/\"}]}<\/script>\n<!-- \/ Yoast SEO Premium plugin. -->","yoast_head_json":{"title":"Avanza entrenamiento de los NAF Aduaneros de Cali - Cultura de la Contribuci\u00f3n","robots":{"index":"index","follow":"follow","max-snippet":"max-snippet:-1","max-image-preview":"max-image-preview:large","max-video-preview":"max-video-preview:-1"},"canonical":"https:\/\/micrositios.dian.gov.co\/cultura-de-contribucion\/2026\/03\/12\/avanza-entrenamiento-de-los-naf-aduaneros-de-cali\/","og_locale":"es_ES","og_type":"article","og_title":"Avanza entrenamiento de los NAF Aduaneros de Cali","og_description":"Esta primera etapa incluye capacitaciones de expertos para afianzar los conocimientos que los estudiantes pondr\u00e1n los estudiantes al servicio de la ciudadan\u00eda. Cali, 12 de marzo de 2026. La Direcci\u00f3n Seccional de Aduanas de Cali dio inicio a la fase de capacitaci\u00f3n de los N\u00facleos de Apoyo Contable y Fiscal (NAF) con enfoque aduanero, con [&hellip;]","og_url":"https:\/\/micrositios.dian.gov.co\/cultura-de-contribucion\/2026\/03\/12\/avanza-entrenamiento-de-los-naf-aduaneros-de-cali\/","og_site_name":"Cultura de la Contribuci\u00f3n","article_published_time":"2026-03-12T14:18:00+00:00","article_modified_time":"2026-04-24T15:22:26+00:00","og_image":[{"width":757,"height":256,"url":"https:\/\/micrositios.dian.gov.co\/cultura-de-contribucion\/wp-content\/uploads\/sites\/7\/2026\/04\/786-UAO-30032026.jpg","type":"image\/jpeg"}],"author":"dianadmms","twitter_card":"summary_large_image","twitter_misc":{"Escrito por":"dianadmms","Tiempo de lectura":"2 minutos"},"schema":{"@context":"https:\/\/schema.org","@graph":[{"@type":"Article","@id":"https:\/\/micrositios.dian.gov.co\/cultura-de-contribucion\/2026\/03\/12\/avanza-entrenamiento-de-los-naf-aduaneros-de-cali\/#article","isPartOf":{"@id":"https:\/\/micrositios.dian.gov.co\/cultura-de-contribucion\/2026\/03\/12\/avanza-entrenamiento-de-los-naf-aduaneros-de-cali\/"},"author":{"name":"dianadmms","@id":"https:\/\/micrositios.dian.gov.co\/cultura-de-contribucion\/#\/schema\/person\/74b5359e9538b6478a28b4c616bcd9ba"},"headline":"Avanza entrenamiento de los NAF Aduaneros de Cali","datePublished":"2026-03-12T14:18:00+00:00","dateModified":"2026-04-24T15:22:26+00:00","mainEntityOfPage":{"@id":"https:\/\/micrositios.dian.gov.co\/cultura-de-contribucion\/2026\/03\/12\/avanza-entrenamiento-de-los-naf-aduaneros-de-cali\/"},"wordCount":197,"commentCount":0,"image":{"@id":"https:\/\/micrositios.dian.gov.co\/cultura-de-contribucion\/2026\/03\/12\/avanza-entrenamiento-de-los-naf-aduaneros-de-cali\/#primaryimage"},"thumbnailUrl":"https:\/\/micrositios.dian.gov.co\/cultura-de-contribucion\/wp-content\/uploads\/sites\/7\/2026\/04\/786-UAO-30032026.jpg","articleSection":["Somos NAF"],"inLanguage":"es-CO","potentialAction":[{"@type":"CommentAction","name":"Comment","target":["https:\/\/micrositios.dian.gov.co\/cultura-de-contribucion\/2026\/03\/12\/avanza-entrenamiento-de-los-naf-aduaneros-de-cali\/#respond"]}]},{"@type":"WebPage","@id":"https:\/\/micrositios.dian.gov.co\/cultura-de-contribucion\/2026\/03\/12\/avanza-entrenamiento-de-los-naf-aduaneros-de-cali\/","url":"https:\/\/micrositios.dian.gov.co\/cultura-de-contribucion\/2026\/03\/12\/avanza-entrenamiento-de-los-naf-aduaneros-de-cali\/","name":"Avanza entrenamiento de los NAF Aduaneros de Cali - Cultura de la Contribuci\u00f3n","isPartOf":{"@id":"https:\/\/micrositios.dian.gov.co\/cultura-de-contribucion\/#website"},"primaryImageOfPage":{"@id":"https:\/\/micrositios.dian.gov.co\/cultura-de-contribucion\/2026\/03\/12\/avanza-entrenamiento-de-los-naf-aduaneros-de-cali\/#primaryimage"},"image":{"@id":"https:\/\/micrositios.dian.gov.co\/cultura-de-contribucion\/2026\/03\/12\/avanza-entrenamiento-de-los-naf-aduaneros-de-cali\/#primaryimage"},"thumbnailUrl":"https:\/\/micrositios.dian.gov.co\/cultura-de-contribucion\/wp-content\/uploads\/sites\/7\/2026\/04\/786-UAO-30032026.jpg","datePublished":"2026-03-12T14:18:00+00:00","dateModified":"2026-04-24T15:22:26+00:00","author":{"@id":"https:\/\/micrositios.dian.gov.co\/cultura-de-contribucion\/#\/schema\/person\/74b5359e9538b6478a28b4c616bcd9ba"},"breadcrumb":{"@id":"https:\/\/micrositios.dian.gov.co\/cultura-de-contribucion\/2026\/03\/12\/avanza-entrenamiento-de-los-naf-aduaneros-de-cali\/#breadcrumb"},"inLanguage":"es-CO","potentialAction":[{"@type":"ReadAction","target":["https:\/\/micrositios.dian.gov.co\/cultura-de-contribucion\/2026\/03\/12\/avanza-entrenamiento-de-los-naf-aduaneros-de-cali\/"]}]},{"@type":"ImageObject","inLanguage":"es-CO","@id":"https:\/\/micrositios.dian.gov.co\/cultura-de-contribucion\/2026\/03\/12\/avanza-entrenamiento-de-los-naf-aduaneros-de-cali\/#primaryimage","url":"https:\/\/micrositios.dian.gov.co\/cultura-de-contribucion\/wp-content\/uploads\/sites\/7\/2026\/04\/786-UAO-30032026.jpg","contentUrl":"https:\/\/micrositios.dian.gov.co\/cultura-de-contribucion\/wp-content\/uploads\/sites\/7\/2026\/04\/786-UAO-30032026.jpg","width":757,"height":256},{"@type":"BreadcrumbList","@id":"https:\/\/micrositios.dian.gov.co\/cultura-de-contribucion\/2026\/03\/12\/avanza-entrenamiento-de-los-naf-aduaneros-de-cali\/#breadcrumb","itemListElement":[{"@type":"ListItem","position":1,"name":"Portada","item":"https:\/\/micrositios.dian.gov.co\/cultura-de-contribucion\/"},{"@type":"ListItem","position":2,"name":"Avanza entrenamiento de los NAF Aduaneros de Cali"}]},{"@type":"WebSite","@id":"https:\/\/micrositios.dian.gov.co\/cultura-de-contribucion\/#website","url":"https:\/\/micrositios.dian.gov.co\/cultura-de-contribucion\/","name":"Cultura de la Contribuci\u00f3n","description":"DIAN","potentialAction":[{"@type":"SearchAction","target":{"@type":"EntryPoint","urlTemplate":"https:\/\/micrositios.dian.gov.co\/cultura-de-contribucion\/?s={search_term_string}"},"query-input":{"@type":"PropertyValueSpecification","valueRequired":true,"valueName":"search_term_string"}}],"inLanguage":"es-CO"},{"@type":"Person","@id":"https:\/\/micrositios.dian.gov.co\/cultura-de-contribucion\/#\/schema\/person\/74b5359e9538b6478a28b4c616bcd9ba","name":"dianadmms","image":{"@type":"ImageObject","inLanguage":"es-CO","@id":"https:\/\/secure.gravatar.com\/avatar\/cf034220fbe936a1aa49c22547ceba7f93a17f53efe31b0edc2f4f6e3d451845?s=96&d=mm&r=g","url":"https:\/\/secure.gravatar.com\/avatar\/cf034220fbe936a1aa49c22547ceba7f93a17f53efe31b0edc2f4f6e3d451845?s=96&d=mm&r=g","contentUrl":"https:\/\/secure.gravatar.com\/avatar\/cf034220fbe936a1aa49c22547ceba7f93a17f53efe31b0edc2f4f6e3d451845?s=96&d=mm&r=g","caption":"dianadmms"},"sameAs":["https:\/\/micrositios.dian.gov.co"],"url":"https:\/\/micrositios.dian.gov.co\/cultura-de-contribucion\/author\/dianadmms\/"}]}},"_links":{"self":[{"href":"https:\/\/micrositios.dian.gov.co\/cultura-de-contribucion\/wp-json\/wp\/v2\/posts\/1722","targetHints":{"allow":["GET"]}}],"collection":[{"href":"https:\/\/micrositios.dian.gov.co\/cultura-de-contribucion\/wp-json\/wp\/v2\/posts"}],"about":[{"href":"https:\/\/micrositios.dian.gov.co\/cultura-de-contribucion\/wp-json\/wp\/v2\/types\/post"}],"author":[{"embeddable":true,"href":"https:\/\/micrositios.dian.gov.co\/cultura-de-contribucion\/wp-json\/wp\/v2\/users\/1"}],"replies":[{"embeddable":true,"href":"https:\/\/micrositios.dian.gov.co\/cultura-de-contribucion\/wp-json\/wp\/v2\/comments?post=1722"}],"version-history":[{"count":3,"href":"https:\/\/micrositios.dian.gov.co\/cultura-de-contribucion\/wp-json\/wp\/v2\/posts\/1722\/revisions"}],"predecessor-version":[{"id":1729,"href":"https:\/\/micrositios.dian.gov.co\/cultura-de-contribucion\/wp-json\/wp\/v2\/posts\/1722\/revisions\/1729"}],"wp:featuredmedia":[{"embeddable":true,"href":"https:\/\/micrositios.dian.gov.co\/cultura-de-contribucion\/wp-json\/wp\/v2\/media\/1720"}],"wp:attachment":[{"href":"https:\/\/micrositios.dian.gov.co\/cultura-de-contribucion\/wp-json\/wp\/v2\/media?parent=1722"}],"wp:term":[{"taxonomy":"category","embeddable":true,"href":"https:\/\/micrositios.dian.gov.co\/cultura-de-contribucion\/wp-json\/wp\/v2\/categories?post=1722"},{"taxonomy":"post_tag","embeddable":true,"href":"https:\/\/micrositios.dian.gov.co\/cultura-de-contribucion\/wp-json\/wp\/v2\/tags?post=1722"}],"curies":[{"name":"wp","href":"https:\/\/api.w.org\/{rel}","templated":true}]}}