{"id":1718,"date":"2026-03-18T09:17:48","date_gmt":"2026-03-18T14:17:48","guid":{"rendered":"https:\/\/micrositios.dian.gov.co\/cultura-de-contribucion\/?p=1718"},"modified":"2026-04-24T10:26:44","modified_gmt":"2026-04-24T15:26:44","slug":"cali-realizo-el-lanzamiento-oficial-del-naf-aduanero-uao","status":"publish","type":"post","link":"https:\/\/micrositios.dian.gov.co\/cultura-de-contribucion\/2026\/03\/18\/cali-realizo-el-lanzamiento-oficial-del-naf-aduanero-uao\/","title":{"rendered":"Cali realiz\u00f3 el lanzamiento oficial del NAF Aduanero UAO"},"content":{"rendered":"\n<p><strong><em>En el D\u00eda del Negociador Internacional, la Direcci\u00f3n Seccional de Aduanas de Cali y la Universidad Aut\u00f3noma de Occidente presentaron este nuevo espacio de orientaci\u00f3n para la comunidad.<\/em><\/strong><\/p>\n\n\n\n<p><strong>Cali, 18 de marzo de 2026.<\/strong> La Direcci\u00f3n Seccional de Aduanas de Cali y la Universidad Aut\u00f3noma de Occidente realizaron el lanzamiento oficial del N\u00facleo de Apoyo Contable y Fiscal (NAF) con enfoque aduanero UAO, en un evento que cont\u00f3 con la participaci\u00f3n de 110 asistentes.<\/p>\n\n\n\n<p>Durante la jornada, la Universidad present\u00f3 a la comunidad acad\u00e9mica y al p\u00fablico en general este nuevo espacio, que se suma al NAF tributario ya consolidado en la instituci\u00f3n, fortaleciendo as\u00ed su apuesta por la formaci\u00f3n pr\u00e1ctica y el servicio a la ciudadan\u00eda.<\/p>\n\n\n\n<p>Con este nuevo NAF, la UAO se consolida como un punto integral de orientaci\u00f3n gratuita y de calidad en tr\u00e1mites y servicios aduaneros. A trav\u00e9s de este espacio, los usuarios del comercio exterior podr\u00e1n resolver inquietudes y recibir acompa\u00f1amiento en temas como r\u00e9gimen de exportaci\u00f3n e importaci\u00f3n, tr\u00e1nsito aduanero, certificado de origen y valoraci\u00f3n aduanera, entre otros.<\/p>\n\n\n\n<p>La atenci\u00f3n estar\u00e1 a cargo de estudiantes de \u00faltimos semestres del programa de Mercadeo y Negocios Internacionales de la Facultad de Ciencias Empresariales y Jur\u00eddicas, quienes han sido capacitados por funcionarios expertos de la DIAN y contar\u00e1n con el acompa\u00f1amiento permanente de docentes de la Universidad.<\/p>\n\n\n\n<p>Con esta iniciativa, la DIAN reafirma su compromiso con la facilitaci\u00f3n del comercio exterior y con la promoci\u00f3n de la cultura de la legalidad, fomentando el cumplimiento voluntario de las obligaciones aduaneras. Asimismo, se generan espacios de aprendizaje, investigaci\u00f3n y servicio social que benefician a la comunidad del Distrito de Cali y del Valle del Cauca.<\/p>\n\n\n\n<figure class=\"wp-block-gallery has-nested-images columns-default is-cropped wp-block-gallery-1 is-layout-flex wp-block-gallery-is-layout-flex\">\n<figure class=\"wp-block-image size-large\"><img decoding=\"async\" width=\"640\" height=\"361\" data-id=\"1731\" src=\"https:\/\/micrositios.dian.gov.co\/cultura-de-contribucion\/wp-content\/uploads\/sites\/7\/2026\/03\/Galeria-180320263.jpg\" alt=\"\" class=\"wp-image-1731\" srcset=\"https:\/\/micrositios.dian.gov.co\/cultura-de-contribucion\/wp-content\/uploads\/sites\/7\/2026\/03\/Galeria-180320263.jpg 640w, https:\/\/micrositios.dian.gov.co\/cultura-de-contribucion\/wp-content\/uploads\/sites\/7\/2026\/03\/Galeria-180320263-480x271.jpg 480w\" sizes=\"(min-width: 0px) and (max-width: 480px) 480px, (min-width: 481px) 640px, 100vw\" \/><\/figure>\n\n\n\n<figure class=\"wp-block-image size-large\"><img decoding=\"async\" width=\"640\" height=\"360\" data-id=\"1732\" src=\"https:\/\/micrositios.dian.gov.co\/cultura-de-contribucion\/wp-content\/uploads\/sites\/7\/2026\/03\/Galeria-180320264.jpg\" alt=\"\" class=\"wp-image-1732\" srcset=\"https:\/\/micrositios.dian.gov.co\/cultura-de-contribucion\/wp-content\/uploads\/sites\/7\/2026\/03\/Galeria-180320264.jpg 640w, https:\/\/micrositios.dian.gov.co\/cultura-de-contribucion\/wp-content\/uploads\/sites\/7\/2026\/03\/Galeria-180320264-480x270.jpg 480w\" sizes=\"(min-width: 0px) and (max-width: 480px) 480px, (min-width: 481px) 640px, 100vw\" \/><\/figure>\n\n\n\n<figure class=\"wp-block-image size-large\"><img decoding=\"async\" width=\"640\" height=\"360\" data-id=\"1733\" src=\"https:\/\/micrositios.dian.gov.co\/cultura-de-contribucion\/wp-content\/uploads\/sites\/7\/2026\/03\/Galeria-180320265.jpg\" alt=\"\" class=\"wp-image-1733\" srcset=\"https:\/\/micrositios.dian.gov.co\/cultura-de-contribucion\/wp-content\/uploads\/sites\/7\/2026\/03\/Galeria-180320265.jpg 640w, https:\/\/micrositios.dian.gov.co\/cultura-de-contribucion\/wp-content\/uploads\/sites\/7\/2026\/03\/Galeria-180320265-480x270.jpg 480w\" sizes=\"(min-width: 0px) and (max-width: 480px) 480px, (min-width: 481px) 640px, 100vw\" \/><\/figure>\n\n\n\n<figure class=\"wp-block-image size-large\"><img decoding=\"async\" width=\"640\" height=\"361\" data-id=\"1734\" src=\"https:\/\/micrositios.dian.gov.co\/cultura-de-contribucion\/wp-content\/uploads\/sites\/7\/2026\/03\/Galeria-180320266.jpg\" alt=\"\" class=\"wp-image-1734\" srcset=\"https:\/\/micrositios.dian.gov.co\/cultura-de-contribucion\/wp-content\/uploads\/sites\/7\/2026\/03\/Galeria-180320266.jpg 640w, https:\/\/micrositios.dian.gov.co\/cultura-de-contribucion\/wp-content\/uploads\/sites\/7\/2026\/03\/Galeria-180320266-480x271.jpg 480w\" sizes=\"(min-width: 0px) and (max-width: 480px) 480px, (min-width: 481px) 640px, 100vw\" \/><\/figure>\n\n\n\n<figure class=\"wp-block-image size-large\"><img decoding=\"async\" width=\"640\" height=\"360\" data-id=\"1735\" src=\"https:\/\/micrositios.dian.gov.co\/cultura-de-contribucion\/wp-content\/uploads\/sites\/7\/2026\/03\/Galeria-180320261.jpg\" alt=\"\" class=\"wp-image-1735\" srcset=\"https:\/\/micrositios.dian.gov.co\/cultura-de-contribucion\/wp-content\/uploads\/sites\/7\/2026\/03\/Galeria-180320261.jpg 640w, https:\/\/micrositios.dian.gov.co\/cultura-de-contribucion\/wp-content\/uploads\/sites\/7\/2026\/03\/Galeria-180320261-480x270.jpg 480w\" sizes=\"(min-width: 0px) and (max-width: 480px) 480px, (min-width: 481px) 640px, 100vw\" \/><\/figure>\n\n\n\n<figure class=\"wp-block-image size-large\"><img decoding=\"async\" width=\"640\" height=\"360\" data-id=\"1736\" src=\"https:\/\/micrositios.dian.gov.co\/cultura-de-contribucion\/wp-content\/uploads\/sites\/7\/2026\/03\/Galeria-180320262.jpg\" alt=\"\" class=\"wp-image-1736\" srcset=\"https:\/\/micrositios.dian.gov.co\/cultura-de-contribucion\/wp-content\/uploads\/sites\/7\/2026\/03\/Galeria-180320262.jpg 640w, https:\/\/micrositios.dian.gov.co\/cultura-de-contribucion\/wp-content\/uploads\/sites\/7\/2026\/03\/Galeria-180320262-480x270.jpg 480w\" sizes=\"(min-width: 0px) and (max-width: 480px) 480px, (min-width: 481px) 640px, 100vw\" \/><\/figure>\n<\/figure>\n\n\n\n<p><em>Direcci\u00f3n Seccional de Aduanas de Cali<\/em><\/p>\n","protected":false},"excerpt":{"rendered":"<p>En el D\u00eda del Negociador Internacional, la Direcci\u00f3n Seccional de Aduanas de Cali y la Universidad Aut\u00f3noma de Occidente presentaron este nuevo espacio de orientaci\u00f3n para la comunidad. Cali, 18 de marzo de 2026. La Direcci\u00f3n Seccional de Aduanas de Cali y la Universidad Aut\u00f3noma de Occidente realizaron el lanzamiento oficial del N\u00facleo de Apoyo [&hellip;]<\/p>\n","protected":false},"author":1,"featured_media":1719,"comment_status":"open","ping_status":"open","sticky":false,"template":"","format":"standard","meta":{"_et_pb_use_builder":"off","_et_pb_old_content":"","_et_gb_content_width":"","footnotes":""},"categories":[10],"tags":[],"class_list":["post-1718","post","type-post","status-publish","format-standard","has-post-thumbnail","hentry","category-somos-naf"],"yoast_head":"<!-- This site is optimized with the Yoast SEO Premium plugin v18.5 (Yoast SEO v27.2) - https:\/\/yoast.com\/product\/yoast-seo-premium-wordpress\/ -->\n<title>Cali realiz\u00f3 el lanzamiento oficial del NAF Aduanero UAO - Cultura de la Contribuci\u00f3n<\/title>\n<meta name=\"robots\" content=\"index, follow, max-snippet:-1, max-image-preview:large, max-video-preview:-1\" \/>\n<link rel=\"canonical\" href=\"https:\/\/micrositios.dian.gov.co\/cultura-de-contribucion\/2026\/03\/18\/cali-realizo-el-lanzamiento-oficial-del-naf-aduanero-uao\/\" \/>\n<meta property=\"og:locale\" content=\"es_ES\" \/>\n<meta property=\"og:type\" content=\"article\" \/>\n<meta property=\"og:title\" content=\"Cali realiz\u00f3 el lanzamiento oficial del NAF Aduanero UAO\" \/>\n<meta property=\"og:description\" content=\"En el D\u00eda del Negociador Internacional, la Direcci\u00f3n Seccional de Aduanas de Cali y la Universidad Aut\u00f3noma de Occidente presentaron este nuevo espacio de orientaci\u00f3n para la comunidad. Cali, 18 de marzo de 2026. La Direcci\u00f3n Seccional de Aduanas de Cali y la Universidad Aut\u00f3noma de Occidente realizaron el lanzamiento oficial del N\u00facleo de Apoyo [&hellip;]\" \/>\n<meta property=\"og:url\" content=\"https:\/\/micrositios.dian.gov.co\/cultura-de-contribucion\/2026\/03\/18\/cali-realizo-el-lanzamiento-oficial-del-naf-aduanero-uao\/\" \/>\n<meta property=\"og:site_name\" content=\"Cultura de la Contribuci\u00f3n\" \/>\n<meta property=\"article:published_time\" content=\"2026-03-18T14:17:48+00:00\" \/>\n<meta property=\"article:modified_time\" content=\"2026-04-24T15:26:44+00:00\" \/>\n<meta property=\"og:image\" content=\"https:\/\/micrositios.dian.gov.co\/cultura-de-contribucion\/wp-content\/uploads\/sites\/7\/2026\/04\/786-NAF-13032026.jpg\" \/>\n\t<meta property=\"og:image:width\" content=\"786\" \/>\n\t<meta property=\"og:image:height\" content=\"268\" \/>\n\t<meta property=\"og:image:type\" content=\"image\/jpeg\" \/>\n<meta name=\"author\" content=\"dianadmms\" \/>\n<meta name=\"twitter:card\" content=\"summary_large_image\" \/>\n<meta name=\"twitter:label1\" content=\"Escrito por\" \/>\n\t<meta name=\"twitter:data1\" content=\"dianadmms\" \/>\n\t<meta name=\"twitter:label2\" content=\"Tiempo de lectura\" \/>\n\t<meta name=\"twitter:data2\" content=\"3 minutos\" \/>\n<script type=\"application\/ld+json\" class=\"yoast-schema-graph\">{\"@context\":\"https:\/\/schema.org\",\"@graph\":[{\"@type\":\"Article\",\"@id\":\"https:\/\/micrositios.dian.gov.co\/cultura-de-contribucion\/2026\/03\/18\/cali-realizo-el-lanzamiento-oficial-del-naf-aduanero-uao\/#article\",\"isPartOf\":{\"@id\":\"https:\/\/micrositios.dian.gov.co\/cultura-de-contribucion\/2026\/03\/18\/cali-realizo-el-lanzamiento-oficial-del-naf-aduanero-uao\/\"},\"author\":{\"name\":\"dianadmms\",\"@id\":\"https:\/\/micrositios.dian.gov.co\/cultura-de-contribucion\/#\/schema\/person\/74b5359e9538b6478a28b4c616bcd9ba\"},\"headline\":\"Cali realiz\u00f3 el lanzamiento oficial del NAF Aduanero UAO\",\"datePublished\":\"2026-03-18T14:17:48+00:00\",\"dateModified\":\"2026-04-24T15:26:44+00:00\",\"mainEntityOfPage\":{\"@id\":\"https:\/\/micrositios.dian.gov.co\/cultura-de-contribucion\/2026\/03\/18\/cali-realizo-el-lanzamiento-oficial-del-naf-aduanero-uao\/\"},\"wordCount\":320,\"commentCount\":0,\"image\":{\"@id\":\"https:\/\/micrositios.dian.gov.co\/cultura-de-contribucion\/2026\/03\/18\/cali-realizo-el-lanzamiento-oficial-del-naf-aduanero-uao\/#primaryimage\"},\"thumbnailUrl\":\"https:\/\/micrositios.dian.gov.co\/cultura-de-contribucion\/wp-content\/uploads\/sites\/7\/2026\/04\/786-NAF-13032026.jpg\",\"articleSection\":[\"Somos NAF\"],\"inLanguage\":\"es-CO\",\"potentialAction\":[{\"@type\":\"CommentAction\",\"name\":\"Comment\",\"target\":[\"https:\/\/micrositios.dian.gov.co\/cultura-de-contribucion\/2026\/03\/18\/cali-realizo-el-lanzamiento-oficial-del-naf-aduanero-uao\/#respond\"]}]},{\"@type\":\"WebPage\",\"@id\":\"https:\/\/micrositios.dian.gov.co\/cultura-de-contribucion\/2026\/03\/18\/cali-realizo-el-lanzamiento-oficial-del-naf-aduanero-uao\/\",\"url\":\"https:\/\/micrositios.dian.gov.co\/cultura-de-contribucion\/2026\/03\/18\/cali-realizo-el-lanzamiento-oficial-del-naf-aduanero-uao\/\",\"name\":\"Cali realiz\u00f3 el lanzamiento oficial del NAF Aduanero UAO - Cultura de la Contribuci\u00f3n\",\"isPartOf\":{\"@id\":\"https:\/\/micrositios.dian.gov.co\/cultura-de-contribucion\/#website\"},\"primaryImageOfPage\":{\"@id\":\"https:\/\/micrositios.dian.gov.co\/cultura-de-contribucion\/2026\/03\/18\/cali-realizo-el-lanzamiento-oficial-del-naf-aduanero-uao\/#primaryimage\"},\"image\":{\"@id\":\"https:\/\/micrositios.dian.gov.co\/cultura-de-contribucion\/2026\/03\/18\/cali-realizo-el-lanzamiento-oficial-del-naf-aduanero-uao\/#primaryimage\"},\"thumbnailUrl\":\"https:\/\/micrositios.dian.gov.co\/cultura-de-contribucion\/wp-content\/uploads\/sites\/7\/2026\/04\/786-NAF-13032026.jpg\",\"datePublished\":\"2026-03-18T14:17:48+00:00\",\"dateModified\":\"2026-04-24T15:26:44+00:00\",\"author\":{\"@id\":\"https:\/\/micrositios.dian.gov.co\/cultura-de-contribucion\/#\/schema\/person\/74b5359e9538b6478a28b4c616bcd9ba\"},\"breadcrumb\":{\"@id\":\"https:\/\/micrositios.dian.gov.co\/cultura-de-contribucion\/2026\/03\/18\/cali-realizo-el-lanzamiento-oficial-del-naf-aduanero-uao\/#breadcrumb\"},\"inLanguage\":\"es-CO\",\"potentialAction\":[{\"@type\":\"ReadAction\",\"target\":[\"https:\/\/micrositios.dian.gov.co\/cultura-de-contribucion\/2026\/03\/18\/cali-realizo-el-lanzamiento-oficial-del-naf-aduanero-uao\/\"]}]},{\"@type\":\"ImageObject\",\"inLanguage\":\"es-CO\",\"@id\":\"https:\/\/micrositios.dian.gov.co\/cultura-de-contribucion\/2026\/03\/18\/cali-realizo-el-lanzamiento-oficial-del-naf-aduanero-uao\/#primaryimage\",\"url\":\"https:\/\/micrositios.dian.gov.co\/cultura-de-contribucion\/wp-content\/uploads\/sites\/7\/2026\/04\/786-NAF-13032026.jpg\",\"contentUrl\":\"https:\/\/micrositios.dian.gov.co\/cultura-de-contribucion\/wp-content\/uploads\/sites\/7\/2026\/04\/786-NAF-13032026.jpg\",\"width\":786,\"height\":268},{\"@type\":\"BreadcrumbList\",\"@id\":\"https:\/\/micrositios.dian.gov.co\/cultura-de-contribucion\/2026\/03\/18\/cali-realizo-el-lanzamiento-oficial-del-naf-aduanero-uao\/#breadcrumb\",\"itemListElement\":[{\"@type\":\"ListItem\",\"position\":1,\"name\":\"Portada\",\"item\":\"https:\/\/micrositios.dian.gov.co\/cultura-de-contribucion\/\"},{\"@type\":\"ListItem\",\"position\":2,\"name\":\"Cali realiz\u00f3 el lanzamiento oficial del NAF Aduanero UAO\"}]},{\"@type\":\"WebSite\",\"@id\":\"https:\/\/micrositios.dian.gov.co\/cultura-de-contribucion\/#website\",\"url\":\"https:\/\/micrositios.dian.gov.co\/cultura-de-contribucion\/\",\"name\":\"Cultura de la Contribuci\u00f3n\",\"description\":\"DIAN\",\"potentialAction\":[{\"@type\":\"SearchAction\",\"target\":{\"@type\":\"EntryPoint\",\"urlTemplate\":\"https:\/\/micrositios.dian.gov.co\/cultura-de-contribucion\/?s={search_term_string}\"},\"query-input\":{\"@type\":\"PropertyValueSpecification\",\"valueRequired\":true,\"valueName\":\"search_term_string\"}}],\"inLanguage\":\"es-CO\"},{\"@type\":\"Person\",\"@id\":\"https:\/\/micrositios.dian.gov.co\/cultura-de-contribucion\/#\/schema\/person\/74b5359e9538b6478a28b4c616bcd9ba\",\"name\":\"dianadmms\",\"image\":{\"@type\":\"ImageObject\",\"inLanguage\":\"es-CO\",\"@id\":\"https:\/\/secure.gravatar.com\/avatar\/cf034220fbe936a1aa49c22547ceba7f93a17f53efe31b0edc2f4f6e3d451845?s=96&d=mm&r=g\",\"url\":\"https:\/\/secure.gravatar.com\/avatar\/cf034220fbe936a1aa49c22547ceba7f93a17f53efe31b0edc2f4f6e3d451845?s=96&d=mm&r=g\",\"contentUrl\":\"https:\/\/secure.gravatar.com\/avatar\/cf034220fbe936a1aa49c22547ceba7f93a17f53efe31b0edc2f4f6e3d451845?s=96&d=mm&r=g\",\"caption\":\"dianadmms\"},\"sameAs\":[\"https:\/\/micrositios.dian.gov.co\"],\"url\":\"https:\/\/micrositios.dian.gov.co\/cultura-de-contribucion\/author\/dianadmms\/\"}]}<\/script>\n<!-- \/ Yoast SEO Premium plugin. -->","yoast_head_json":{"title":"Cali realiz\u00f3 el lanzamiento oficial del NAF Aduanero UAO - Cultura de la Contribuci\u00f3n","robots":{"index":"index","follow":"follow","max-snippet":"max-snippet:-1","max-image-preview":"max-image-preview:large","max-video-preview":"max-video-preview:-1"},"canonical":"https:\/\/micrositios.dian.gov.co\/cultura-de-contribucion\/2026\/03\/18\/cali-realizo-el-lanzamiento-oficial-del-naf-aduanero-uao\/","og_locale":"es_ES","og_type":"article","og_title":"Cali realiz\u00f3 el lanzamiento oficial del NAF Aduanero UAO","og_description":"En el D\u00eda del Negociador Internacional, la Direcci\u00f3n Seccional de Aduanas de Cali y la Universidad Aut\u00f3noma de Occidente presentaron este nuevo espacio de orientaci\u00f3n para la comunidad. Cali, 18 de marzo de 2026. La Direcci\u00f3n Seccional de Aduanas de Cali y la Universidad Aut\u00f3noma de Occidente realizaron el lanzamiento oficial del N\u00facleo de Apoyo [&hellip;]","og_url":"https:\/\/micrositios.dian.gov.co\/cultura-de-contribucion\/2026\/03\/18\/cali-realizo-el-lanzamiento-oficial-del-naf-aduanero-uao\/","og_site_name":"Cultura de la Contribuci\u00f3n","article_published_time":"2026-03-18T14:17:48+00:00","article_modified_time":"2026-04-24T15:26:44+00:00","og_image":[{"width":786,"height":268,"url":"https:\/\/micrositios.dian.gov.co\/cultura-de-contribucion\/wp-content\/uploads\/sites\/7\/2026\/04\/786-NAF-13032026.jpg","type":"image\/jpeg"}],"author":"dianadmms","twitter_card":"summary_large_image","twitter_misc":{"Escrito por":"dianadmms","Tiempo de lectura":"3 minutos"},"schema":{"@context":"https:\/\/schema.org","@graph":[{"@type":"Article","@id":"https:\/\/micrositios.dian.gov.co\/cultura-de-contribucion\/2026\/03\/18\/cali-realizo-el-lanzamiento-oficial-del-naf-aduanero-uao\/#article","isPartOf":{"@id":"https:\/\/micrositios.dian.gov.co\/cultura-de-contribucion\/2026\/03\/18\/cali-realizo-el-lanzamiento-oficial-del-naf-aduanero-uao\/"},"author":{"name":"dianadmms","@id":"https:\/\/micrositios.dian.gov.co\/cultura-de-contribucion\/#\/schema\/person\/74b5359e9538b6478a28b4c616bcd9ba"},"headline":"Cali realiz\u00f3 el lanzamiento oficial del NAF Aduanero UAO","datePublished":"2026-03-18T14:17:48+00:00","dateModified":"2026-04-24T15:26:44+00:00","mainEntityOfPage":{"@id":"https:\/\/micrositios.dian.gov.co\/cultura-de-contribucion\/2026\/03\/18\/cali-realizo-el-lanzamiento-oficial-del-naf-aduanero-uao\/"},"wordCount":320,"commentCount":0,"image":{"@id":"https:\/\/micrositios.dian.gov.co\/cultura-de-contribucion\/2026\/03\/18\/cali-realizo-el-lanzamiento-oficial-del-naf-aduanero-uao\/#primaryimage"},"thumbnailUrl":"https:\/\/micrositios.dian.gov.co\/cultura-de-contribucion\/wp-content\/uploads\/sites\/7\/2026\/04\/786-NAF-13032026.jpg","articleSection":["Somos NAF"],"inLanguage":"es-CO","potentialAction":[{"@type":"CommentAction","name":"Comment","target":["https:\/\/micrositios.dian.gov.co\/cultura-de-contribucion\/2026\/03\/18\/cali-realizo-el-lanzamiento-oficial-del-naf-aduanero-uao\/#respond"]}]},{"@type":"WebPage","@id":"https:\/\/micrositios.dian.gov.co\/cultura-de-contribucion\/2026\/03\/18\/cali-realizo-el-lanzamiento-oficial-del-naf-aduanero-uao\/","url":"https:\/\/micrositios.dian.gov.co\/cultura-de-contribucion\/2026\/03\/18\/cali-realizo-el-lanzamiento-oficial-del-naf-aduanero-uao\/","name":"Cali realiz\u00f3 el lanzamiento oficial del NAF Aduanero UAO - Cultura de la Contribuci\u00f3n","isPartOf":{"@id":"https:\/\/micrositios.dian.gov.co\/cultura-de-contribucion\/#website"},"primaryImageOfPage":{"@id":"https:\/\/micrositios.dian.gov.co\/cultura-de-contribucion\/2026\/03\/18\/cali-realizo-el-lanzamiento-oficial-del-naf-aduanero-uao\/#primaryimage"},"image":{"@id":"https:\/\/micrositios.dian.gov.co\/cultura-de-contribucion\/2026\/03\/18\/cali-realizo-el-lanzamiento-oficial-del-naf-aduanero-uao\/#primaryimage"},"thumbnailUrl":"https:\/\/micrositios.dian.gov.co\/cultura-de-contribucion\/wp-content\/uploads\/sites\/7\/2026\/04\/786-NAF-13032026.jpg","datePublished":"2026-03-18T14:17:48+00:00","dateModified":"2026-04-24T15:26:44+00:00","author":{"@id":"https:\/\/micrositios.dian.gov.co\/cultura-de-contribucion\/#\/schema\/person\/74b5359e9538b6478a28b4c616bcd9ba"},"breadcrumb":{"@id":"https:\/\/micrositios.dian.gov.co\/cultura-de-contribucion\/2026\/03\/18\/cali-realizo-el-lanzamiento-oficial-del-naf-aduanero-uao\/#breadcrumb"},"inLanguage":"es-CO","potentialAction":[{"@type":"ReadAction","target":["https:\/\/micrositios.dian.gov.co\/cultura-de-contribucion\/2026\/03\/18\/cali-realizo-el-lanzamiento-oficial-del-naf-aduanero-uao\/"]}]},{"@type":"ImageObject","inLanguage":"es-CO","@id":"https:\/\/micrositios.dian.gov.co\/cultura-de-contribucion\/2026\/03\/18\/cali-realizo-el-lanzamiento-oficial-del-naf-aduanero-uao\/#primaryimage","url":"https:\/\/micrositios.dian.gov.co\/cultura-de-contribucion\/wp-content\/uploads\/sites\/7\/2026\/04\/786-NAF-13032026.jpg","contentUrl":"https:\/\/micrositios.dian.gov.co\/cultura-de-contribucion\/wp-content\/uploads\/sites\/7\/2026\/04\/786-NAF-13032026.jpg","width":786,"height":268},{"@type":"BreadcrumbList","@id":"https:\/\/micrositios.dian.gov.co\/cultura-de-contribucion\/2026\/03\/18\/cali-realizo-el-lanzamiento-oficial-del-naf-aduanero-uao\/#breadcrumb","itemListElement":[{"@type":"ListItem","position":1,"name":"Portada","item":"https:\/\/micrositios.dian.gov.co\/cultura-de-contribucion\/"},{"@type":"ListItem","position":2,"name":"Cali realiz\u00f3 el lanzamiento oficial del NAF Aduanero UAO"}]},{"@type":"WebSite","@id":"https:\/\/micrositios.dian.gov.co\/cultura-de-contribucion\/#website","url":"https:\/\/micrositios.dian.gov.co\/cultura-de-contribucion\/","name":"Cultura de la Contribuci\u00f3n","description":"DIAN","potentialAction":[{"@type":"SearchAction","target":{"@type":"EntryPoint","urlTemplate":"https:\/\/micrositios.dian.gov.co\/cultura-de-contribucion\/?s={search_term_string}"},"query-input":{"@type":"PropertyValueSpecification","valueRequired":true,"valueName":"search_term_string"}}],"inLanguage":"es-CO"},{"@type":"Person","@id":"https:\/\/micrositios.dian.gov.co\/cultura-de-contribucion\/#\/schema\/person\/74b5359e9538b6478a28b4c616bcd9ba","name":"dianadmms","image":{"@type":"ImageObject","inLanguage":"es-CO","@id":"https:\/\/secure.gravatar.com\/avatar\/cf034220fbe936a1aa49c22547ceba7f93a17f53efe31b0edc2f4f6e3d451845?s=96&d=mm&r=g","url":"https:\/\/secure.gravatar.com\/avatar\/cf034220fbe936a1aa49c22547ceba7f93a17f53efe31b0edc2f4f6e3d451845?s=96&d=mm&r=g","contentUrl":"https:\/\/secure.gravatar.com\/avatar\/cf034220fbe936a1aa49c22547ceba7f93a17f53efe31b0edc2f4f6e3d451845?s=96&d=mm&r=g","caption":"dianadmms"},"sameAs":["https:\/\/micrositios.dian.gov.co"],"url":"https:\/\/micrositios.dian.gov.co\/cultura-de-contribucion\/author\/dianadmms\/"}]}},"_links":{"self":[{"href":"https:\/\/micrositios.dian.gov.co\/cultura-de-contribucion\/wp-json\/wp\/v2\/posts\/1718","targetHints":{"allow":["GET"]}}],"collection":[{"href":"https:\/\/micrositios.dian.gov.co\/cultura-de-contribucion\/wp-json\/wp\/v2\/posts"}],"about":[{"href":"https:\/\/micrositios.dian.gov.co\/cultura-de-contribucion\/wp-json\/wp\/v2\/types\/post"}],"author":[{"embeddable":true,"href":"https:\/\/micrositios.dian.gov.co\/cultura-de-contribucion\/wp-json\/wp\/v2\/users\/1"}],"replies":[{"embeddable":true,"href":"https:\/\/micrositios.dian.gov.co\/cultura-de-contribucion\/wp-json\/wp\/v2\/comments?post=1718"}],"version-history":[{"count":3,"href":"https:\/\/micrositios.dian.gov.co\/cultura-de-contribucion\/wp-json\/wp\/v2\/posts\/1718\/revisions"}],"predecessor-version":[{"id":1737,"href":"https:\/\/micrositios.dian.gov.co\/cultura-de-contribucion\/wp-json\/wp\/v2\/posts\/1718\/revisions\/1737"}],"wp:featuredmedia":[{"embeddable":true,"href":"https:\/\/micrositios.dian.gov.co\/cultura-de-contribucion\/wp-json\/wp\/v2\/media\/1719"}],"wp:attachment":[{"href":"https:\/\/micrositios.dian.gov.co\/cultura-de-contribucion\/wp-json\/wp\/v2\/media?parent=1718"}],"wp:term":[{"taxonomy":"category","embeddable":true,"href":"https:\/\/micrositios.dian.gov.co\/cultura-de-contribucion\/wp-json\/wp\/v2\/categories?post=1718"},{"taxonomy":"post_tag","embeddable":true,"href":"https:\/\/micrositios.dian.gov.co\/cultura-de-contribucion\/wp-json\/wp\/v2\/tags?post=1718"}],"curies":[{"name":"wp","href":"https:\/\/api.w.org\/{rel}","templated":true}]}}