{"id":1579,"date":"2025-09-12T14:08:00","date_gmt":"2025-09-12T19:08:00","guid":{"rendered":"https:\/\/micrositios.dian.gov.co\/cultura-de-contribucion\/?p=1579"},"modified":"2025-09-22T14:10:52","modified_gmt":"2025-09-22T19:10:52","slug":"en-la-dsia-bucaramanga-naf-de-la-universidad-de-santander-se-une-a-la-cultura-de-la-contribucion-en-la-escuela","status":"publish","type":"post","link":"https:\/\/micrositios.dian.gov.co\/cultura-de-contribucion\/2025\/09\/12\/en-la-dsia-bucaramanga-naf-de-la-universidad-de-santander-se-une-a-la-cultura-de-la-contribucion-en-la-escuela\/","title":{"rendered":"En la DSIA Bucaramanga: NAF de la Universidad de Santander se une a la Cultura de la Contribuci\u00f3n en la Escuela"},"content":{"rendered":"\n<p>En cumplimiento de los lineamientos de articulaci\u00f3n de los programas de Cultura de la Contribuci\u00f3n en Colombia, los N\u00facleos de Apoyo Contable y Fiscal (NAF) y la iniciativa Cultura de la Contribuci\u00f3n en la Escuela (CCE) se inici\u00f3 el proceso de formaci\u00f3n dirigido a estudiantes, docentes y directivos del NAF de la UDES.<\/p>\n\n\n\n<p>La actividad se realiz\u00f3 recientemente en las instalaciones de la Universidad de Santander, bajo la metodolog\u00eda dise\u00f1ada para la adhesi\u00f3n de ambos programas. Durante la jornada, el equipo de la CCE de la Divisi\u00f3n de Servicio al Ciudadano propuso dilemas \u00e9ticos que facilitaron la comprensi\u00f3n de los contenidos sobre los ejes tem\u00e1ticos: Valores, Ciudadan\u00eda y Estado<\/p>\n\n\n\n<p>Durante la jornada, los estudiantes aplicaron las actividades sugeridas en el manual del maestro, correspondientes al Ciclo IV&nbsp;<em>Yo contribuyo en mi pa\u00eds<\/em>. Esto les permiti\u00f3 prepararse para asumir el rol de multiplicadores de los conocimientos adquiridos, con el objetivo de impactar positivamente a comunidades educativas de primaria y bachillerato del Departamento de Santander.<\/p>\n\n\n\n<p>La formaci\u00f3n busca consolidar en los estudiantes y futuros profesionales del NAF UDES un compromiso con la Cultura de la Contribuci\u00f3n, promoviendo valores c\u00edvicos y la conciencia ciudadana, pilares fundamentales para fortalecer la cultura tributaria en Colombia.<\/p>\n\n\n\n<p><em>Direcci\u00f3n Seccional de Impuestos y Aduanas de Bucaramanga<\/em><\/p>\n","protected":false},"excerpt":{"rendered":"<p>En cumplimiento de los lineamientos de articulaci\u00f3n de los programas de Cultura de la Contribuci\u00f3n en Colombia, los N\u00facleos de Apoyo Contable y Fiscal (NAF) y la iniciativa Cultura de la Contribuci\u00f3n en la Escuela (CCE) se inici\u00f3 el proceso de formaci\u00f3n dirigido a estudiantes, docentes y directivos del NAF de la UDES. La actividad [&hellip;]<\/p>\n","protected":false},"author":1,"featured_media":1580,"comment_status":"open","ping_status":"open","sticky":false,"template":"","format":"standard","meta":{"_et_pb_use_builder":"off","_et_pb_old_content":"","_et_gb_content_width":"","footnotes":""},"categories":[1,10],"tags":[],"class_list":["post-1579","post","type-post","status-publish","format-standard","has-post-thumbnail","hentry","category-cce","category-somos-naf"],"yoast_head":"<!-- This site is optimized with the Yoast SEO Premium plugin v18.5 (Yoast SEO v27.2) - https:\/\/yoast.com\/product\/yoast-seo-premium-wordpress\/ -->\n<title>En la DSIA Bucaramanga: NAF de la Universidad de Santander se une a la Cultura de la Contribuci\u00f3n en la Escuela - Cultura de la Contribuci\u00f3n<\/title>\n<meta name=\"robots\" content=\"index, follow, max-snippet:-1, max-image-preview:large, max-video-preview:-1\" \/>\n<link rel=\"canonical\" href=\"https:\/\/micrositios.dian.gov.co\/cultura-de-contribucion\/2025\/09\/12\/en-la-dsia-bucaramanga-naf-de-la-universidad-de-santander-se-une-a-la-cultura-de-la-contribucion-en-la-escuela\/\" \/>\n<meta property=\"og:locale\" content=\"es_ES\" \/>\n<meta property=\"og:type\" content=\"article\" \/>\n<meta property=\"og:title\" content=\"En la DSIA Bucaramanga: NAF de la Universidad de Santander se une a la Cultura de la Contribuci\u00f3n en la Escuela\" \/>\n<meta property=\"og:description\" content=\"En cumplimiento de los lineamientos de articulaci\u00f3n de los programas de Cultura de la Contribuci\u00f3n en Colombia, los N\u00facleos de Apoyo Contable y Fiscal (NAF) y la iniciativa Cultura de la Contribuci\u00f3n en la Escuela (CCE) se inici\u00f3 el proceso de formaci\u00f3n dirigido a estudiantes, docentes y directivos del NAF de la UDES. La actividad [&hellip;]\" \/>\n<meta property=\"og:url\" content=\"https:\/\/micrositios.dian.gov.co\/cultura-de-contribucion\/2025\/09\/12\/en-la-dsia-bucaramanga-naf-de-la-universidad-de-santander-se-une-a-la-cultura-de-la-contribucion-en-la-escuela\/\" \/>\n<meta property=\"og:site_name\" content=\"Cultura de la Contribuci\u00f3n\" \/>\n<meta property=\"article:published_time\" content=\"2025-09-12T19:08:00+00:00\" \/>\n<meta property=\"article:modified_time\" content=\"2025-09-22T19:10:52+00:00\" \/>\n<meta property=\"og:image\" content=\"https:\/\/micrositios.dian.gov.co\/cultura-de-contribucion\/wp-content\/uploads\/sites\/7\/2025\/09\/Naf-12092025.jpg\" \/>\n\t<meta property=\"og:image:width\" content=\"786\" \/>\n\t<meta property=\"og:image:height\" content=\"270\" \/>\n\t<meta property=\"og:image:type\" content=\"image\/jpeg\" \/>\n<meta name=\"author\" content=\"dianadmms\" \/>\n<meta name=\"twitter:card\" content=\"summary_large_image\" \/>\n<meta name=\"twitter:label1\" content=\"Escrito por\" \/>\n\t<meta name=\"twitter:data1\" content=\"dianadmms\" \/>\n\t<meta name=\"twitter:label2\" content=\"Tiempo de lectura\" \/>\n\t<meta name=\"twitter:data2\" content=\"1 minuto\" \/>\n<script type=\"application\/ld+json\" class=\"yoast-schema-graph\">{\"@context\":\"https:\/\/schema.org\",\"@graph\":[{\"@type\":\"Article\",\"@id\":\"https:\/\/micrositios.dian.gov.co\/cultura-de-contribucion\/2025\/09\/12\/en-la-dsia-bucaramanga-naf-de-la-universidad-de-santander-se-une-a-la-cultura-de-la-contribucion-en-la-escuela\/#article\",\"isPartOf\":{\"@id\":\"https:\/\/micrositios.dian.gov.co\/cultura-de-contribucion\/2025\/09\/12\/en-la-dsia-bucaramanga-naf-de-la-universidad-de-santander-se-une-a-la-cultura-de-la-contribucion-en-la-escuela\/\"},\"author\":{\"name\":\"dianadmms\",\"@id\":\"https:\/\/micrositios.dian.gov.co\/cultura-de-contribucion\/#\/schema\/person\/74b5359e9538b6478a28b4c616bcd9ba\"},\"headline\":\"En la DSIA Bucaramanga: NAF de la Universidad de Santander se une a la Cultura de la Contribuci\u00f3n en la Escuela\",\"datePublished\":\"2025-09-12T19:08:00+00:00\",\"dateModified\":\"2025-09-22T19:10:52+00:00\",\"mainEntityOfPage\":{\"@id\":\"https:\/\/micrositios.dian.gov.co\/cultura-de-contribucion\/2025\/09\/12\/en-la-dsia-bucaramanga-naf-de-la-universidad-de-santander-se-une-a-la-cultura-de-la-contribucion-en-la-escuela\/\"},\"wordCount\":248,\"commentCount\":0,\"image\":{\"@id\":\"https:\/\/micrositios.dian.gov.co\/cultura-de-contribucion\/2025\/09\/12\/en-la-dsia-bucaramanga-naf-de-la-universidad-de-santander-se-une-a-la-cultura-de-la-contribucion-en-la-escuela\/#primaryimage\"},\"thumbnailUrl\":\"https:\/\/micrositios.dian.gov.co\/cultura-de-contribucion\/wp-content\/uploads\/sites\/7\/2025\/09\/Naf-12092025.jpg\",\"articleSection\":[\"CCE\",\"Somos NAF\"],\"inLanguage\":\"es-CO\",\"potentialAction\":[{\"@type\":\"CommentAction\",\"name\":\"Comment\",\"target\":[\"https:\/\/micrositios.dian.gov.co\/cultura-de-contribucion\/2025\/09\/12\/en-la-dsia-bucaramanga-naf-de-la-universidad-de-santander-se-une-a-la-cultura-de-la-contribucion-en-la-escuela\/#respond\"]}]},{\"@type\":\"WebPage\",\"@id\":\"https:\/\/micrositios.dian.gov.co\/cultura-de-contribucion\/2025\/09\/12\/en-la-dsia-bucaramanga-naf-de-la-universidad-de-santander-se-une-a-la-cultura-de-la-contribucion-en-la-escuela\/\",\"url\":\"https:\/\/micrositios.dian.gov.co\/cultura-de-contribucion\/2025\/09\/12\/en-la-dsia-bucaramanga-naf-de-la-universidad-de-santander-se-une-a-la-cultura-de-la-contribucion-en-la-escuela\/\",\"name\":\"En la DSIA Bucaramanga: NAF de la Universidad de Santander se une a la Cultura de la Contribuci\u00f3n en la Escuela - Cultura de la Contribuci\u00f3n\",\"isPartOf\":{\"@id\":\"https:\/\/micrositios.dian.gov.co\/cultura-de-contribucion\/#website\"},\"primaryImageOfPage\":{\"@id\":\"https:\/\/micrositios.dian.gov.co\/cultura-de-contribucion\/2025\/09\/12\/en-la-dsia-bucaramanga-naf-de-la-universidad-de-santander-se-une-a-la-cultura-de-la-contribucion-en-la-escuela\/#primaryimage\"},\"image\":{\"@id\":\"https:\/\/micrositios.dian.gov.co\/cultura-de-contribucion\/2025\/09\/12\/en-la-dsia-bucaramanga-naf-de-la-universidad-de-santander-se-une-a-la-cultura-de-la-contribucion-en-la-escuela\/#primaryimage\"},\"thumbnailUrl\":\"https:\/\/micrositios.dian.gov.co\/cultura-de-contribucion\/wp-content\/uploads\/sites\/7\/2025\/09\/Naf-12092025.jpg\",\"datePublished\":\"2025-09-12T19:08:00+00:00\",\"dateModified\":\"2025-09-22T19:10:52+00:00\",\"author\":{\"@id\":\"https:\/\/micrositios.dian.gov.co\/cultura-de-contribucion\/#\/schema\/person\/74b5359e9538b6478a28b4c616bcd9ba\"},\"breadcrumb\":{\"@id\":\"https:\/\/micrositios.dian.gov.co\/cultura-de-contribucion\/2025\/09\/12\/en-la-dsia-bucaramanga-naf-de-la-universidad-de-santander-se-une-a-la-cultura-de-la-contribucion-en-la-escuela\/#breadcrumb\"},\"inLanguage\":\"es-CO\",\"potentialAction\":[{\"@type\":\"ReadAction\",\"target\":[\"https:\/\/micrositios.dian.gov.co\/cultura-de-contribucion\/2025\/09\/12\/en-la-dsia-bucaramanga-naf-de-la-universidad-de-santander-se-une-a-la-cultura-de-la-contribucion-en-la-escuela\/\"]}]},{\"@type\":\"ImageObject\",\"inLanguage\":\"es-CO\",\"@id\":\"https:\/\/micrositios.dian.gov.co\/cultura-de-contribucion\/2025\/09\/12\/en-la-dsia-bucaramanga-naf-de-la-universidad-de-santander-se-une-a-la-cultura-de-la-contribucion-en-la-escuela\/#primaryimage\",\"url\":\"https:\/\/micrositios.dian.gov.co\/cultura-de-contribucion\/wp-content\/uploads\/sites\/7\/2025\/09\/Naf-12092025.jpg\",\"contentUrl\":\"https:\/\/micrositios.dian.gov.co\/cultura-de-contribucion\/wp-content\/uploads\/sites\/7\/2025\/09\/Naf-12092025.jpg\",\"width\":786,\"height\":270},{\"@type\":\"BreadcrumbList\",\"@id\":\"https:\/\/micrositios.dian.gov.co\/cultura-de-contribucion\/2025\/09\/12\/en-la-dsia-bucaramanga-naf-de-la-universidad-de-santander-se-une-a-la-cultura-de-la-contribucion-en-la-escuela\/#breadcrumb\",\"itemListElement\":[{\"@type\":\"ListItem\",\"position\":1,\"name\":\"Portada\",\"item\":\"https:\/\/micrositios.dian.gov.co\/cultura-de-contribucion\/\"},{\"@type\":\"ListItem\",\"position\":2,\"name\":\"En la DSIA Bucaramanga: NAF de la Universidad de Santander se une a la Cultura de la Contribuci\u00f3n en la Escuela\"}]},{\"@type\":\"WebSite\",\"@id\":\"https:\/\/micrositios.dian.gov.co\/cultura-de-contribucion\/#website\",\"url\":\"https:\/\/micrositios.dian.gov.co\/cultura-de-contribucion\/\",\"name\":\"Cultura de la Contribuci\u00f3n\",\"description\":\"DIAN\",\"potentialAction\":[{\"@type\":\"SearchAction\",\"target\":{\"@type\":\"EntryPoint\",\"urlTemplate\":\"https:\/\/micrositios.dian.gov.co\/cultura-de-contribucion\/?s={search_term_string}\"},\"query-input\":{\"@type\":\"PropertyValueSpecification\",\"valueRequired\":true,\"valueName\":\"search_term_string\"}}],\"inLanguage\":\"es-CO\"},{\"@type\":\"Person\",\"@id\":\"https:\/\/micrositios.dian.gov.co\/cultura-de-contribucion\/#\/schema\/person\/74b5359e9538b6478a28b4c616bcd9ba\",\"name\":\"dianadmms\",\"image\":{\"@type\":\"ImageObject\",\"inLanguage\":\"es-CO\",\"@id\":\"https:\/\/secure.gravatar.com\/avatar\/cf034220fbe936a1aa49c22547ceba7f93a17f53efe31b0edc2f4f6e3d451845?s=96&d=mm&r=g\",\"url\":\"https:\/\/secure.gravatar.com\/avatar\/cf034220fbe936a1aa49c22547ceba7f93a17f53efe31b0edc2f4f6e3d451845?s=96&d=mm&r=g\",\"contentUrl\":\"https:\/\/secure.gravatar.com\/avatar\/cf034220fbe936a1aa49c22547ceba7f93a17f53efe31b0edc2f4f6e3d451845?s=96&d=mm&r=g\",\"caption\":\"dianadmms\"},\"sameAs\":[\"https:\/\/micrositios.dian.gov.co\"],\"url\":\"https:\/\/micrositios.dian.gov.co\/cultura-de-contribucion\/author\/dianadmms\/\"}]}<\/script>\n<!-- \/ Yoast SEO Premium plugin. -->","yoast_head_json":{"title":"En la DSIA Bucaramanga: NAF de la Universidad de Santander se une a la Cultura de la Contribuci\u00f3n en la Escuela - Cultura de la Contribuci\u00f3n","robots":{"index":"index","follow":"follow","max-snippet":"max-snippet:-1","max-image-preview":"max-image-preview:large","max-video-preview":"max-video-preview:-1"},"canonical":"https:\/\/micrositios.dian.gov.co\/cultura-de-contribucion\/2025\/09\/12\/en-la-dsia-bucaramanga-naf-de-la-universidad-de-santander-se-une-a-la-cultura-de-la-contribucion-en-la-escuela\/","og_locale":"es_ES","og_type":"article","og_title":"En la DSIA Bucaramanga: NAF de la Universidad de Santander se une a la Cultura de la Contribuci\u00f3n en la Escuela","og_description":"En cumplimiento de los lineamientos de articulaci\u00f3n de los programas de Cultura de la Contribuci\u00f3n en Colombia, los N\u00facleos de Apoyo Contable y Fiscal (NAF) y la iniciativa Cultura de la Contribuci\u00f3n en la Escuela (CCE) se inici\u00f3 el proceso de formaci\u00f3n dirigido a estudiantes, docentes y directivos del NAF de la UDES. La actividad [&hellip;]","og_url":"https:\/\/micrositios.dian.gov.co\/cultura-de-contribucion\/2025\/09\/12\/en-la-dsia-bucaramanga-naf-de-la-universidad-de-santander-se-une-a-la-cultura-de-la-contribucion-en-la-escuela\/","og_site_name":"Cultura de la Contribuci\u00f3n","article_published_time":"2025-09-12T19:08:00+00:00","article_modified_time":"2025-09-22T19:10:52+00:00","og_image":[{"width":786,"height":270,"url":"https:\/\/micrositios.dian.gov.co\/cultura-de-contribucion\/wp-content\/uploads\/sites\/7\/2025\/09\/Naf-12092025.jpg","type":"image\/jpeg"}],"author":"dianadmms","twitter_card":"summary_large_image","twitter_misc":{"Escrito por":"dianadmms","Tiempo de lectura":"1 minuto"},"schema":{"@context":"https:\/\/schema.org","@graph":[{"@type":"Article","@id":"https:\/\/micrositios.dian.gov.co\/cultura-de-contribucion\/2025\/09\/12\/en-la-dsia-bucaramanga-naf-de-la-universidad-de-santander-se-une-a-la-cultura-de-la-contribucion-en-la-escuela\/#article","isPartOf":{"@id":"https:\/\/micrositios.dian.gov.co\/cultura-de-contribucion\/2025\/09\/12\/en-la-dsia-bucaramanga-naf-de-la-universidad-de-santander-se-une-a-la-cultura-de-la-contribucion-en-la-escuela\/"},"author":{"name":"dianadmms","@id":"https:\/\/micrositios.dian.gov.co\/cultura-de-contribucion\/#\/schema\/person\/74b5359e9538b6478a28b4c616bcd9ba"},"headline":"En la DSIA Bucaramanga: NAF de la Universidad de Santander se une a la Cultura de la Contribuci\u00f3n en la Escuela","datePublished":"2025-09-12T19:08:00+00:00","dateModified":"2025-09-22T19:10:52+00:00","mainEntityOfPage":{"@id":"https:\/\/micrositios.dian.gov.co\/cultura-de-contribucion\/2025\/09\/12\/en-la-dsia-bucaramanga-naf-de-la-universidad-de-santander-se-une-a-la-cultura-de-la-contribucion-en-la-escuela\/"},"wordCount":248,"commentCount":0,"image":{"@id":"https:\/\/micrositios.dian.gov.co\/cultura-de-contribucion\/2025\/09\/12\/en-la-dsia-bucaramanga-naf-de-la-universidad-de-santander-se-une-a-la-cultura-de-la-contribucion-en-la-escuela\/#primaryimage"},"thumbnailUrl":"https:\/\/micrositios.dian.gov.co\/cultura-de-contribucion\/wp-content\/uploads\/sites\/7\/2025\/09\/Naf-12092025.jpg","articleSection":["CCE","Somos NAF"],"inLanguage":"es-CO","potentialAction":[{"@type":"CommentAction","name":"Comment","target":["https:\/\/micrositios.dian.gov.co\/cultura-de-contribucion\/2025\/09\/12\/en-la-dsia-bucaramanga-naf-de-la-universidad-de-santander-se-une-a-la-cultura-de-la-contribucion-en-la-escuela\/#respond"]}]},{"@type":"WebPage","@id":"https:\/\/micrositios.dian.gov.co\/cultura-de-contribucion\/2025\/09\/12\/en-la-dsia-bucaramanga-naf-de-la-universidad-de-santander-se-une-a-la-cultura-de-la-contribucion-en-la-escuela\/","url":"https:\/\/micrositios.dian.gov.co\/cultura-de-contribucion\/2025\/09\/12\/en-la-dsia-bucaramanga-naf-de-la-universidad-de-santander-se-une-a-la-cultura-de-la-contribucion-en-la-escuela\/","name":"En la DSIA Bucaramanga: NAF de la Universidad de Santander se une a la Cultura de la Contribuci\u00f3n en la Escuela - Cultura de la Contribuci\u00f3n","isPartOf":{"@id":"https:\/\/micrositios.dian.gov.co\/cultura-de-contribucion\/#website"},"primaryImageOfPage":{"@id":"https:\/\/micrositios.dian.gov.co\/cultura-de-contribucion\/2025\/09\/12\/en-la-dsia-bucaramanga-naf-de-la-universidad-de-santander-se-une-a-la-cultura-de-la-contribucion-en-la-escuela\/#primaryimage"},"image":{"@id":"https:\/\/micrositios.dian.gov.co\/cultura-de-contribucion\/2025\/09\/12\/en-la-dsia-bucaramanga-naf-de-la-universidad-de-santander-se-une-a-la-cultura-de-la-contribucion-en-la-escuela\/#primaryimage"},"thumbnailUrl":"https:\/\/micrositios.dian.gov.co\/cultura-de-contribucion\/wp-content\/uploads\/sites\/7\/2025\/09\/Naf-12092025.jpg","datePublished":"2025-09-12T19:08:00+00:00","dateModified":"2025-09-22T19:10:52+00:00","author":{"@id":"https:\/\/micrositios.dian.gov.co\/cultura-de-contribucion\/#\/schema\/person\/74b5359e9538b6478a28b4c616bcd9ba"},"breadcrumb":{"@id":"https:\/\/micrositios.dian.gov.co\/cultura-de-contribucion\/2025\/09\/12\/en-la-dsia-bucaramanga-naf-de-la-universidad-de-santander-se-une-a-la-cultura-de-la-contribucion-en-la-escuela\/#breadcrumb"},"inLanguage":"es-CO","potentialAction":[{"@type":"ReadAction","target":["https:\/\/micrositios.dian.gov.co\/cultura-de-contribucion\/2025\/09\/12\/en-la-dsia-bucaramanga-naf-de-la-universidad-de-santander-se-une-a-la-cultura-de-la-contribucion-en-la-escuela\/"]}]},{"@type":"ImageObject","inLanguage":"es-CO","@id":"https:\/\/micrositios.dian.gov.co\/cultura-de-contribucion\/2025\/09\/12\/en-la-dsia-bucaramanga-naf-de-la-universidad-de-santander-se-une-a-la-cultura-de-la-contribucion-en-la-escuela\/#primaryimage","url":"https:\/\/micrositios.dian.gov.co\/cultura-de-contribucion\/wp-content\/uploads\/sites\/7\/2025\/09\/Naf-12092025.jpg","contentUrl":"https:\/\/micrositios.dian.gov.co\/cultura-de-contribucion\/wp-content\/uploads\/sites\/7\/2025\/09\/Naf-12092025.jpg","width":786,"height":270},{"@type":"BreadcrumbList","@id":"https:\/\/micrositios.dian.gov.co\/cultura-de-contribucion\/2025\/09\/12\/en-la-dsia-bucaramanga-naf-de-la-universidad-de-santander-se-une-a-la-cultura-de-la-contribucion-en-la-escuela\/#breadcrumb","itemListElement":[{"@type":"ListItem","position":1,"name":"Portada","item":"https:\/\/micrositios.dian.gov.co\/cultura-de-contribucion\/"},{"@type":"ListItem","position":2,"name":"En la DSIA Bucaramanga: NAF de la Universidad de Santander se une a la Cultura de la Contribuci\u00f3n en la Escuela"}]},{"@type":"WebSite","@id":"https:\/\/micrositios.dian.gov.co\/cultura-de-contribucion\/#website","url":"https:\/\/micrositios.dian.gov.co\/cultura-de-contribucion\/","name":"Cultura de la Contribuci\u00f3n","description":"DIAN","potentialAction":[{"@type":"SearchAction","target":{"@type":"EntryPoint","urlTemplate":"https:\/\/micrositios.dian.gov.co\/cultura-de-contribucion\/?s={search_term_string}"},"query-input":{"@type":"PropertyValueSpecification","valueRequired":true,"valueName":"search_term_string"}}],"inLanguage":"es-CO"},{"@type":"Person","@id":"https:\/\/micrositios.dian.gov.co\/cultura-de-contribucion\/#\/schema\/person\/74b5359e9538b6478a28b4c616bcd9ba","name":"dianadmms","image":{"@type":"ImageObject","inLanguage":"es-CO","@id":"https:\/\/secure.gravatar.com\/avatar\/cf034220fbe936a1aa49c22547ceba7f93a17f53efe31b0edc2f4f6e3d451845?s=96&d=mm&r=g","url":"https:\/\/secure.gravatar.com\/avatar\/cf034220fbe936a1aa49c22547ceba7f93a17f53efe31b0edc2f4f6e3d451845?s=96&d=mm&r=g","contentUrl":"https:\/\/secure.gravatar.com\/avatar\/cf034220fbe936a1aa49c22547ceba7f93a17f53efe31b0edc2f4f6e3d451845?s=96&d=mm&r=g","caption":"dianadmms"},"sameAs":["https:\/\/micrositios.dian.gov.co"],"url":"https:\/\/micrositios.dian.gov.co\/cultura-de-contribucion\/author\/dianadmms\/"}]}},"_links":{"self":[{"href":"https:\/\/micrositios.dian.gov.co\/cultura-de-contribucion\/wp-json\/wp\/v2\/posts\/1579","targetHints":{"allow":["GET"]}}],"collection":[{"href":"https:\/\/micrositios.dian.gov.co\/cultura-de-contribucion\/wp-json\/wp\/v2\/posts"}],"about":[{"href":"https:\/\/micrositios.dian.gov.co\/cultura-de-contribucion\/wp-json\/wp\/v2\/types\/post"}],"author":[{"embeddable":true,"href":"https:\/\/micrositios.dian.gov.co\/cultura-de-contribucion\/wp-json\/wp\/v2\/users\/1"}],"replies":[{"embeddable":true,"href":"https:\/\/micrositios.dian.gov.co\/cultura-de-contribucion\/wp-json\/wp\/v2\/comments?post=1579"}],"version-history":[{"count":1,"href":"https:\/\/micrositios.dian.gov.co\/cultura-de-contribucion\/wp-json\/wp\/v2\/posts\/1579\/revisions"}],"predecessor-version":[{"id":1581,"href":"https:\/\/micrositios.dian.gov.co\/cultura-de-contribucion\/wp-json\/wp\/v2\/posts\/1579\/revisions\/1581"}],"wp:featuredmedia":[{"embeddable":true,"href":"https:\/\/micrositios.dian.gov.co\/cultura-de-contribucion\/wp-json\/wp\/v2\/media\/1580"}],"wp:attachment":[{"href":"https:\/\/micrositios.dian.gov.co\/cultura-de-contribucion\/wp-json\/wp\/v2\/media?parent=1579"}],"wp:term":[{"taxonomy":"category","embeddable":true,"href":"https:\/\/micrositios.dian.gov.co\/cultura-de-contribucion\/wp-json\/wp\/v2\/categories?post=1579"},{"taxonomy":"post_tag","embeddable":true,"href":"https:\/\/micrositios.dian.gov.co\/cultura-de-contribucion\/wp-json\/wp\/v2\/tags?post=1579"}],"curies":[{"name":"wp","href":"https:\/\/api.w.org\/{rel}","templated":true}]}}