{"id":1525,"date":"2025-05-12T12:10:00","date_gmt":"2025-05-12T17:10:00","guid":{"rendered":"https:\/\/micrositios.dian.gov.co\/cultura-de-contribucion\/?p=1525"},"modified":"2025-06-04T12:18:13","modified_gmt":"2025-06-04T17:18:13","slug":"en-cali-la-comunidad-educativa-vive-la-cultura-de-la-legalidad","status":"publish","type":"post","link":"https:\/\/micrositios.dian.gov.co\/cultura-de-contribucion\/2025\/05\/12\/en-cali-la-comunidad-educativa-vive-la-cultura-de-la-legalidad\/","title":{"rendered":"En Cali, la comunidad educativa vive la cultura de la legalidad"},"content":{"rendered":"\n<p><strong><em>En la&nbsp;instituci\u00f3n Dempresa, la DIAN promovi\u00f3 la cultura de la legalidad en el comercio exterior mediante un taller l\u00fadico que fortaleci\u00f3 valores ciudadanos y dej\u00f3 huella en los j\u00f3venes participantes.&nbsp;<\/em><\/strong><\/p>\n\n\n\n<p><strong><em>Cali, 12 de mayo de 2025<\/em><\/strong><em>.<\/em> Con el objetivo de sensibilizar a estudiantes de la Instituci\u00f3n Educativa Dempresa sobre la importancia de la cultura de la legalidad en el comercio exterior colombiano, la Direcci\u00f3n Seccional de Aduanas de Cali, a trav\u00e9s de su Divisi\u00f3n de Servicio al Ciudadano, llev\u00f3 a cabo un taller l\u00fadico y participativo para fortalecer valores como la responsabilidad, honestidad, compromiso, respeto, empat\u00eda, solidaridad y cooperaci\u00f3n.<\/p>\n\n\n\n<p>El taller, realizado en el marco del Programa Cultura de la Contribuci\u00f3n en la Escuela, cont\u00f3 con la participaci\u00f3n de 30 estudiantes y le apunt\u00f3 a promover la comprensi\u00f3n de que vivir en sociedad implica la existencia de reglas que deben cumplirse por el bien com\u00fan y de que todas las acciones traen consecuencias que afectan tanto al individuo como a la comunidad y su entorno.<\/p>\n\n\n\n<p>Durante la jornada, los estudiantes participaron activamente en el juego \u201cTab\u00fa Aduanero\u201d, recibieron informaci\u00f3n sobre conceptos clave del comercio exterior y, al finalizar, como un acto simb\u00f3lico, cada uno se comprometi\u00f3 a ser un Guardi\u00e1n de la Legalidad.<\/p>\n\n\n\n<p>Esta jornada hace parte del convenio entre la DIAN y la Secretar\u00eda de Educaci\u00f3n de Cali.<\/p>\n\n\n\n<p><\/p>\n\n\n\n<figure class=\"wp-block-image size-full\"><img decoding=\"async\" width=\"640\" height=\"361\" src=\"https:\/\/micrositios.dian.gov.co\/cultura-de-contribucion\/wp-content\/uploads\/sites\/7\/2025\/06\/640-CCE-04062025.jpg\" alt=\"\" class=\"wp-image-1526\" srcset=\"https:\/\/micrositios.dian.gov.co\/cultura-de-contribucion\/wp-content\/uploads\/sites\/7\/2025\/06\/640-CCE-04062025.jpg 640w, https:\/\/micrositios.dian.gov.co\/cultura-de-contribucion\/wp-content\/uploads\/sites\/7\/2025\/06\/640-CCE-04062025-480x271.jpg 480w\" sizes=\"(min-width: 0px) and (max-width: 480px) 480px, (min-width: 481px) 640px, 100vw\" \/><figcaption>En Cali, la comunidad educativa vive la cultura de la legalidad<\/figcaption><\/figure>\n\n\n\n<figure class=\"wp-block-image size-full\"><img decoding=\"async\" width=\"640\" height=\"361\" src=\"https:\/\/micrositios.dian.gov.co\/cultura-de-contribucion\/wp-content\/uploads\/sites\/7\/2025\/06\/640-CCE-040620251.jpg\" alt=\"\" class=\"wp-image-1527\" srcset=\"https:\/\/micrositios.dian.gov.co\/cultura-de-contribucion\/wp-content\/uploads\/sites\/7\/2025\/06\/640-CCE-040620251.jpg 640w, https:\/\/micrositios.dian.gov.co\/cultura-de-contribucion\/wp-content\/uploads\/sites\/7\/2025\/06\/640-CCE-040620251-480x271.jpg 480w\" sizes=\"(min-width: 0px) and (max-width: 480px) 480px, (min-width: 481px) 640px, 100vw\" \/><figcaption>En Cali, la comunidad educativa vive la cultura de la legalidad<\/figcaption><\/figure>\n\n\n\n<p><\/p>\n\n\n\n<p><em>Direcci\u00f3n Seccional de Aduanas&nbsp;de Cali<\/em><\/p>\n","protected":false},"excerpt":{"rendered":"<p>En la&nbsp;instituci\u00f3n Dempresa, la DIAN promovi\u00f3 la cultura de la legalidad en el comercio exterior mediante un taller l\u00fadico que fortaleci\u00f3 valores ciudadanos y dej\u00f3 huella en los j\u00f3venes participantes.&nbsp; Cali, 12 de mayo de 2025. Con el objetivo de sensibilizar a estudiantes de la Instituci\u00f3n Educativa Dempresa sobre la importancia de la cultura de [&hellip;]<\/p>\n","protected":false},"author":1,"featured_media":1528,"comment_status":"open","ping_status":"open","sticky":false,"template":"","format":"standard","meta":{"_et_pb_use_builder":"off","_et_pb_old_content":"","_et_gb_content_width":"","footnotes":""},"categories":[1],"tags":[],"class_list":["post-1525","post","type-post","status-publish","format-standard","has-post-thumbnail","hentry","category-cce"],"yoast_head":"<!-- This site is optimized with the Yoast SEO Premium plugin v18.5 (Yoast SEO v27.2) - https:\/\/yoast.com\/product\/yoast-seo-premium-wordpress\/ -->\n<title>En Cali, la comunidad educativa vive la cultura de la legalidad - Cultura de la Contribuci\u00f3n<\/title>\n<meta name=\"robots\" content=\"index, follow, max-snippet:-1, max-image-preview:large, max-video-preview:-1\" \/>\n<link rel=\"canonical\" href=\"https:\/\/micrositios.dian.gov.co\/cultura-de-contribucion\/2025\/05\/12\/en-cali-la-comunidad-educativa-vive-la-cultura-de-la-legalidad\/\" \/>\n<meta property=\"og:locale\" content=\"es_ES\" \/>\n<meta property=\"og:type\" content=\"article\" \/>\n<meta property=\"og:title\" content=\"En Cali, la comunidad educativa vive la cultura de la legalidad\" \/>\n<meta property=\"og:description\" content=\"En la&nbsp;instituci\u00f3n Dempresa, la DIAN promovi\u00f3 la cultura de la legalidad en el comercio exterior mediante un taller l\u00fadico que fortaleci\u00f3 valores ciudadanos y dej\u00f3 huella en los j\u00f3venes participantes.&nbsp; Cali, 12 de mayo de 2025. Con el objetivo de sensibilizar a estudiantes de la Instituci\u00f3n Educativa Dempresa sobre la importancia de la cultura de [&hellip;]\" \/>\n<meta property=\"og:url\" content=\"https:\/\/micrositios.dian.gov.co\/cultura-de-contribucion\/2025\/05\/12\/en-cali-la-comunidad-educativa-vive-la-cultura-de-la-legalidad\/\" \/>\n<meta property=\"og:site_name\" content=\"Cultura de la Contribuci\u00f3n\" \/>\n<meta property=\"article:published_time\" content=\"2025-05-12T17:10:00+00:00\" \/>\n<meta property=\"article:modified_time\" content=\"2025-06-04T17:18:13+00:00\" \/>\n<meta property=\"og:image\" content=\"https:\/\/micrositios.dian.gov.co\/cultura-de-contribucion\/wp-content\/uploads\/sites\/7\/2025\/06\/786-CCE-04062025.jpg\" \/>\n\t<meta property=\"og:image:width\" content=\"786\" \/>\n\t<meta property=\"og:image:height\" content=\"270\" \/>\n\t<meta property=\"og:image:type\" content=\"image\/jpeg\" \/>\n<meta name=\"author\" content=\"dianadmms\" \/>\n<meta name=\"twitter:card\" content=\"summary_large_image\" \/>\n<meta name=\"twitter:label1\" content=\"Escrito por\" \/>\n\t<meta name=\"twitter:data1\" content=\"dianadmms\" \/>\n\t<meta name=\"twitter:label2\" content=\"Tiempo de lectura\" \/>\n\t<meta name=\"twitter:data2\" content=\"2 minutos\" \/>\n<script type=\"application\/ld+json\" class=\"yoast-schema-graph\">{\"@context\":\"https:\/\/schema.org\",\"@graph\":[{\"@type\":\"Article\",\"@id\":\"https:\/\/micrositios.dian.gov.co\/cultura-de-contribucion\/2025\/05\/12\/en-cali-la-comunidad-educativa-vive-la-cultura-de-la-legalidad\/#article\",\"isPartOf\":{\"@id\":\"https:\/\/micrositios.dian.gov.co\/cultura-de-contribucion\/2025\/05\/12\/en-cali-la-comunidad-educativa-vive-la-cultura-de-la-legalidad\/\"},\"author\":{\"name\":\"dianadmms\",\"@id\":\"https:\/\/micrositios.dian.gov.co\/cultura-de-contribucion\/#\/schema\/person\/74b5359e9538b6478a28b4c616bcd9ba\"},\"headline\":\"En Cali, la comunidad educativa vive la cultura de la legalidad\",\"datePublished\":\"2025-05-12T17:10:00+00:00\",\"dateModified\":\"2025-06-04T17:18:13+00:00\",\"mainEntityOfPage\":{\"@id\":\"https:\/\/micrositios.dian.gov.co\/cultura-de-contribucion\/2025\/05\/12\/en-cali-la-comunidad-educativa-vive-la-cultura-de-la-legalidad\/\"},\"wordCount\":279,\"commentCount\":0,\"image\":{\"@id\":\"https:\/\/micrositios.dian.gov.co\/cultura-de-contribucion\/2025\/05\/12\/en-cali-la-comunidad-educativa-vive-la-cultura-de-la-legalidad\/#primaryimage\"},\"thumbnailUrl\":\"https:\/\/micrositios.dian.gov.co\/cultura-de-contribucion\/wp-content\/uploads\/sites\/7\/2025\/06\/786-CCE-04062025.jpg\",\"articleSection\":[\"CCE\"],\"inLanguage\":\"es-CO\",\"potentialAction\":[{\"@type\":\"CommentAction\",\"name\":\"Comment\",\"target\":[\"https:\/\/micrositios.dian.gov.co\/cultura-de-contribucion\/2025\/05\/12\/en-cali-la-comunidad-educativa-vive-la-cultura-de-la-legalidad\/#respond\"]}]},{\"@type\":\"WebPage\",\"@id\":\"https:\/\/micrositios.dian.gov.co\/cultura-de-contribucion\/2025\/05\/12\/en-cali-la-comunidad-educativa-vive-la-cultura-de-la-legalidad\/\",\"url\":\"https:\/\/micrositios.dian.gov.co\/cultura-de-contribucion\/2025\/05\/12\/en-cali-la-comunidad-educativa-vive-la-cultura-de-la-legalidad\/\",\"name\":\"En Cali, la comunidad educativa vive la cultura de la legalidad - Cultura de la Contribuci\u00f3n\",\"isPartOf\":{\"@id\":\"https:\/\/micrositios.dian.gov.co\/cultura-de-contribucion\/#website\"},\"primaryImageOfPage\":{\"@id\":\"https:\/\/micrositios.dian.gov.co\/cultura-de-contribucion\/2025\/05\/12\/en-cali-la-comunidad-educativa-vive-la-cultura-de-la-legalidad\/#primaryimage\"},\"image\":{\"@id\":\"https:\/\/micrositios.dian.gov.co\/cultura-de-contribucion\/2025\/05\/12\/en-cali-la-comunidad-educativa-vive-la-cultura-de-la-legalidad\/#primaryimage\"},\"thumbnailUrl\":\"https:\/\/micrositios.dian.gov.co\/cultura-de-contribucion\/wp-content\/uploads\/sites\/7\/2025\/06\/786-CCE-04062025.jpg\",\"datePublished\":\"2025-05-12T17:10:00+00:00\",\"dateModified\":\"2025-06-04T17:18:13+00:00\",\"author\":{\"@id\":\"https:\/\/micrositios.dian.gov.co\/cultura-de-contribucion\/#\/schema\/person\/74b5359e9538b6478a28b4c616bcd9ba\"},\"breadcrumb\":{\"@id\":\"https:\/\/micrositios.dian.gov.co\/cultura-de-contribucion\/2025\/05\/12\/en-cali-la-comunidad-educativa-vive-la-cultura-de-la-legalidad\/#breadcrumb\"},\"inLanguage\":\"es-CO\",\"potentialAction\":[{\"@type\":\"ReadAction\",\"target\":[\"https:\/\/micrositios.dian.gov.co\/cultura-de-contribucion\/2025\/05\/12\/en-cali-la-comunidad-educativa-vive-la-cultura-de-la-legalidad\/\"]}]},{\"@type\":\"ImageObject\",\"inLanguage\":\"es-CO\",\"@id\":\"https:\/\/micrositios.dian.gov.co\/cultura-de-contribucion\/2025\/05\/12\/en-cali-la-comunidad-educativa-vive-la-cultura-de-la-legalidad\/#primaryimage\",\"url\":\"https:\/\/micrositios.dian.gov.co\/cultura-de-contribucion\/wp-content\/uploads\/sites\/7\/2025\/06\/786-CCE-04062025.jpg\",\"contentUrl\":\"https:\/\/micrositios.dian.gov.co\/cultura-de-contribucion\/wp-content\/uploads\/sites\/7\/2025\/06\/786-CCE-04062025.jpg\",\"width\":786,\"height\":270},{\"@type\":\"BreadcrumbList\",\"@id\":\"https:\/\/micrositios.dian.gov.co\/cultura-de-contribucion\/2025\/05\/12\/en-cali-la-comunidad-educativa-vive-la-cultura-de-la-legalidad\/#breadcrumb\",\"itemListElement\":[{\"@type\":\"ListItem\",\"position\":1,\"name\":\"Portada\",\"item\":\"https:\/\/micrositios.dian.gov.co\/cultura-de-contribucion\/\"},{\"@type\":\"ListItem\",\"position\":2,\"name\":\"En Cali, la comunidad educativa vive la cultura de la legalidad\"}]},{\"@type\":\"WebSite\",\"@id\":\"https:\/\/micrositios.dian.gov.co\/cultura-de-contribucion\/#website\",\"url\":\"https:\/\/micrositios.dian.gov.co\/cultura-de-contribucion\/\",\"name\":\"Cultura de la Contribuci\u00f3n\",\"description\":\"DIAN\",\"potentialAction\":[{\"@type\":\"SearchAction\",\"target\":{\"@type\":\"EntryPoint\",\"urlTemplate\":\"https:\/\/micrositios.dian.gov.co\/cultura-de-contribucion\/?s={search_term_string}\"},\"query-input\":{\"@type\":\"PropertyValueSpecification\",\"valueRequired\":true,\"valueName\":\"search_term_string\"}}],\"inLanguage\":\"es-CO\"},{\"@type\":\"Person\",\"@id\":\"https:\/\/micrositios.dian.gov.co\/cultura-de-contribucion\/#\/schema\/person\/74b5359e9538b6478a28b4c616bcd9ba\",\"name\":\"dianadmms\",\"image\":{\"@type\":\"ImageObject\",\"inLanguage\":\"es-CO\",\"@id\":\"https:\/\/secure.gravatar.com\/avatar\/cf034220fbe936a1aa49c22547ceba7f93a17f53efe31b0edc2f4f6e3d451845?s=96&d=mm&r=g\",\"url\":\"https:\/\/secure.gravatar.com\/avatar\/cf034220fbe936a1aa49c22547ceba7f93a17f53efe31b0edc2f4f6e3d451845?s=96&d=mm&r=g\",\"contentUrl\":\"https:\/\/secure.gravatar.com\/avatar\/cf034220fbe936a1aa49c22547ceba7f93a17f53efe31b0edc2f4f6e3d451845?s=96&d=mm&r=g\",\"caption\":\"dianadmms\"},\"sameAs\":[\"https:\/\/micrositios.dian.gov.co\"],\"url\":\"https:\/\/micrositios.dian.gov.co\/cultura-de-contribucion\/author\/dianadmms\/\"}]}<\/script>\n<!-- \/ Yoast SEO Premium plugin. -->","yoast_head_json":{"title":"En Cali, la comunidad educativa vive la cultura de la legalidad - Cultura de la Contribuci\u00f3n","robots":{"index":"index","follow":"follow","max-snippet":"max-snippet:-1","max-image-preview":"max-image-preview:large","max-video-preview":"max-video-preview:-1"},"canonical":"https:\/\/micrositios.dian.gov.co\/cultura-de-contribucion\/2025\/05\/12\/en-cali-la-comunidad-educativa-vive-la-cultura-de-la-legalidad\/","og_locale":"es_ES","og_type":"article","og_title":"En Cali, la comunidad educativa vive la cultura de la legalidad","og_description":"En la&nbsp;instituci\u00f3n Dempresa, la DIAN promovi\u00f3 la cultura de la legalidad en el comercio exterior mediante un taller l\u00fadico que fortaleci\u00f3 valores ciudadanos y dej\u00f3 huella en los j\u00f3venes participantes.&nbsp; Cali, 12 de mayo de 2025. Con el objetivo de sensibilizar a estudiantes de la Instituci\u00f3n Educativa Dempresa sobre la importancia de la cultura de [&hellip;]","og_url":"https:\/\/micrositios.dian.gov.co\/cultura-de-contribucion\/2025\/05\/12\/en-cali-la-comunidad-educativa-vive-la-cultura-de-la-legalidad\/","og_site_name":"Cultura de la Contribuci\u00f3n","article_published_time":"2025-05-12T17:10:00+00:00","article_modified_time":"2025-06-04T17:18:13+00:00","og_image":[{"width":786,"height":270,"url":"https:\/\/micrositios.dian.gov.co\/cultura-de-contribucion\/wp-content\/uploads\/sites\/7\/2025\/06\/786-CCE-04062025.jpg","type":"image\/jpeg"}],"author":"dianadmms","twitter_card":"summary_large_image","twitter_misc":{"Escrito por":"dianadmms","Tiempo de lectura":"2 minutos"},"schema":{"@context":"https:\/\/schema.org","@graph":[{"@type":"Article","@id":"https:\/\/micrositios.dian.gov.co\/cultura-de-contribucion\/2025\/05\/12\/en-cali-la-comunidad-educativa-vive-la-cultura-de-la-legalidad\/#article","isPartOf":{"@id":"https:\/\/micrositios.dian.gov.co\/cultura-de-contribucion\/2025\/05\/12\/en-cali-la-comunidad-educativa-vive-la-cultura-de-la-legalidad\/"},"author":{"name":"dianadmms","@id":"https:\/\/micrositios.dian.gov.co\/cultura-de-contribucion\/#\/schema\/person\/74b5359e9538b6478a28b4c616bcd9ba"},"headline":"En Cali, la comunidad educativa vive la cultura de la legalidad","datePublished":"2025-05-12T17:10:00+00:00","dateModified":"2025-06-04T17:18:13+00:00","mainEntityOfPage":{"@id":"https:\/\/micrositios.dian.gov.co\/cultura-de-contribucion\/2025\/05\/12\/en-cali-la-comunidad-educativa-vive-la-cultura-de-la-legalidad\/"},"wordCount":279,"commentCount":0,"image":{"@id":"https:\/\/micrositios.dian.gov.co\/cultura-de-contribucion\/2025\/05\/12\/en-cali-la-comunidad-educativa-vive-la-cultura-de-la-legalidad\/#primaryimage"},"thumbnailUrl":"https:\/\/micrositios.dian.gov.co\/cultura-de-contribucion\/wp-content\/uploads\/sites\/7\/2025\/06\/786-CCE-04062025.jpg","articleSection":["CCE"],"inLanguage":"es-CO","potentialAction":[{"@type":"CommentAction","name":"Comment","target":["https:\/\/micrositios.dian.gov.co\/cultura-de-contribucion\/2025\/05\/12\/en-cali-la-comunidad-educativa-vive-la-cultura-de-la-legalidad\/#respond"]}]},{"@type":"WebPage","@id":"https:\/\/micrositios.dian.gov.co\/cultura-de-contribucion\/2025\/05\/12\/en-cali-la-comunidad-educativa-vive-la-cultura-de-la-legalidad\/","url":"https:\/\/micrositios.dian.gov.co\/cultura-de-contribucion\/2025\/05\/12\/en-cali-la-comunidad-educativa-vive-la-cultura-de-la-legalidad\/","name":"En Cali, la comunidad educativa vive la cultura de la legalidad - Cultura de la Contribuci\u00f3n","isPartOf":{"@id":"https:\/\/micrositios.dian.gov.co\/cultura-de-contribucion\/#website"},"primaryImageOfPage":{"@id":"https:\/\/micrositios.dian.gov.co\/cultura-de-contribucion\/2025\/05\/12\/en-cali-la-comunidad-educativa-vive-la-cultura-de-la-legalidad\/#primaryimage"},"image":{"@id":"https:\/\/micrositios.dian.gov.co\/cultura-de-contribucion\/2025\/05\/12\/en-cali-la-comunidad-educativa-vive-la-cultura-de-la-legalidad\/#primaryimage"},"thumbnailUrl":"https:\/\/micrositios.dian.gov.co\/cultura-de-contribucion\/wp-content\/uploads\/sites\/7\/2025\/06\/786-CCE-04062025.jpg","datePublished":"2025-05-12T17:10:00+00:00","dateModified":"2025-06-04T17:18:13+00:00","author":{"@id":"https:\/\/micrositios.dian.gov.co\/cultura-de-contribucion\/#\/schema\/person\/74b5359e9538b6478a28b4c616bcd9ba"},"breadcrumb":{"@id":"https:\/\/micrositios.dian.gov.co\/cultura-de-contribucion\/2025\/05\/12\/en-cali-la-comunidad-educativa-vive-la-cultura-de-la-legalidad\/#breadcrumb"},"inLanguage":"es-CO","potentialAction":[{"@type":"ReadAction","target":["https:\/\/micrositios.dian.gov.co\/cultura-de-contribucion\/2025\/05\/12\/en-cali-la-comunidad-educativa-vive-la-cultura-de-la-legalidad\/"]}]},{"@type":"ImageObject","inLanguage":"es-CO","@id":"https:\/\/micrositios.dian.gov.co\/cultura-de-contribucion\/2025\/05\/12\/en-cali-la-comunidad-educativa-vive-la-cultura-de-la-legalidad\/#primaryimage","url":"https:\/\/micrositios.dian.gov.co\/cultura-de-contribucion\/wp-content\/uploads\/sites\/7\/2025\/06\/786-CCE-04062025.jpg","contentUrl":"https:\/\/micrositios.dian.gov.co\/cultura-de-contribucion\/wp-content\/uploads\/sites\/7\/2025\/06\/786-CCE-04062025.jpg","width":786,"height":270},{"@type":"BreadcrumbList","@id":"https:\/\/micrositios.dian.gov.co\/cultura-de-contribucion\/2025\/05\/12\/en-cali-la-comunidad-educativa-vive-la-cultura-de-la-legalidad\/#breadcrumb","itemListElement":[{"@type":"ListItem","position":1,"name":"Portada","item":"https:\/\/micrositios.dian.gov.co\/cultura-de-contribucion\/"},{"@type":"ListItem","position":2,"name":"En Cali, la comunidad educativa vive la cultura de la legalidad"}]},{"@type":"WebSite","@id":"https:\/\/micrositios.dian.gov.co\/cultura-de-contribucion\/#website","url":"https:\/\/micrositios.dian.gov.co\/cultura-de-contribucion\/","name":"Cultura de la Contribuci\u00f3n","description":"DIAN","potentialAction":[{"@type":"SearchAction","target":{"@type":"EntryPoint","urlTemplate":"https:\/\/micrositios.dian.gov.co\/cultura-de-contribucion\/?s={search_term_string}"},"query-input":{"@type":"PropertyValueSpecification","valueRequired":true,"valueName":"search_term_string"}}],"inLanguage":"es-CO"},{"@type":"Person","@id":"https:\/\/micrositios.dian.gov.co\/cultura-de-contribucion\/#\/schema\/person\/74b5359e9538b6478a28b4c616bcd9ba","name":"dianadmms","image":{"@type":"ImageObject","inLanguage":"es-CO","@id":"https:\/\/secure.gravatar.com\/avatar\/cf034220fbe936a1aa49c22547ceba7f93a17f53efe31b0edc2f4f6e3d451845?s=96&d=mm&r=g","url":"https:\/\/secure.gravatar.com\/avatar\/cf034220fbe936a1aa49c22547ceba7f93a17f53efe31b0edc2f4f6e3d451845?s=96&d=mm&r=g","contentUrl":"https:\/\/secure.gravatar.com\/avatar\/cf034220fbe936a1aa49c22547ceba7f93a17f53efe31b0edc2f4f6e3d451845?s=96&d=mm&r=g","caption":"dianadmms"},"sameAs":["https:\/\/micrositios.dian.gov.co"],"url":"https:\/\/micrositios.dian.gov.co\/cultura-de-contribucion\/author\/dianadmms\/"}]}},"_links":{"self":[{"href":"https:\/\/micrositios.dian.gov.co\/cultura-de-contribucion\/wp-json\/wp\/v2\/posts\/1525","targetHints":{"allow":["GET"]}}],"collection":[{"href":"https:\/\/micrositios.dian.gov.co\/cultura-de-contribucion\/wp-json\/wp\/v2\/posts"}],"about":[{"href":"https:\/\/micrositios.dian.gov.co\/cultura-de-contribucion\/wp-json\/wp\/v2\/types\/post"}],"author":[{"embeddable":true,"href":"https:\/\/micrositios.dian.gov.co\/cultura-de-contribucion\/wp-json\/wp\/v2\/users\/1"}],"replies":[{"embeddable":true,"href":"https:\/\/micrositios.dian.gov.co\/cultura-de-contribucion\/wp-json\/wp\/v2\/comments?post=1525"}],"version-history":[{"count":3,"href":"https:\/\/micrositios.dian.gov.co\/cultura-de-contribucion\/wp-json\/wp\/v2\/posts\/1525\/revisions"}],"predecessor-version":[{"id":1532,"href":"https:\/\/micrositios.dian.gov.co\/cultura-de-contribucion\/wp-json\/wp\/v2\/posts\/1525\/revisions\/1532"}],"wp:featuredmedia":[{"embeddable":true,"href":"https:\/\/micrositios.dian.gov.co\/cultura-de-contribucion\/wp-json\/wp\/v2\/media\/1528"}],"wp:attachment":[{"href":"https:\/\/micrositios.dian.gov.co\/cultura-de-contribucion\/wp-json\/wp\/v2\/media?parent=1525"}],"wp:term":[{"taxonomy":"category","embeddable":true,"href":"https:\/\/micrositios.dian.gov.co\/cultura-de-contribucion\/wp-json\/wp\/v2\/categories?post=1525"},{"taxonomy":"post_tag","embeddable":true,"href":"https:\/\/micrositios.dian.gov.co\/cultura-de-contribucion\/wp-json\/wp\/v2\/tags?post=1525"}],"curies":[{"name":"wp","href":"https:\/\/api.w.org\/{rel}","templated":true}]}}