{"id":1321,"date":"2024-11-25T12:31:24","date_gmt":"2024-11-25T12:31:24","guid":{"rendered":"https:\/\/micrositios.dian.gov.co\/cultura-de-contribucion\/?p=1321"},"modified":"2024-11-25T12:35:19","modified_gmt":"2024-11-25T12:35:19","slug":"concluyo-la-vi-version-de-la-semana-cultura-de-la-contribucion-2024","status":"publish","type":"post","link":"https:\/\/micrositios.dian.gov.co\/cultura-de-contribucion\/2024\/11\/25\/concluyo-la-vi-version-de-la-semana-cultura-de-la-contribucion-2024\/","title":{"rendered":"Concluy\u00f3 la VI versi\u00f3n de la Semana Cultura de la Contribuci\u00f3n 2024"},"content":{"rendered":"\n<p><strong>Bogot\u00e1 D. C., mi\u00e9rcoles 13 de noviembre, 2024.<\/strong>&nbsp;<\/p>\n\n\n\n<p>La educaci\u00f3n es uno de los pilares b\u00e1sicos con los que se busca fortalecer la cultura tributaria en el pa\u00eds seg\u00fan los temas tratados durante la Semana Cultura de la Contribuci\u00f3n DIAN 2024.<\/p>\n\n\n\n<p>P\u00fablicos de todas las edades participaron en esta iniciativa, en la que se sumaron las Direcciones Seccionales con charlas, exposiciones, tertulias, acciones l\u00fadicas y otras actividades a trav\u00e9s de las cuales se promocion\u00f3 el sentido legal, \u00e9tico, moral y social de la tributaci\u00f3n, llamada a garantizar que como sociedad, aportemos lo justo para que el Estado disponga de los recursos necesarios para financiar los proyectos p\u00fablicos y conducir el pa\u00eds por la senda del crecimiento y el desarrollo econ\u00f3mico.<\/p>\n\n\n\n<p><strong>Agenda nacional<\/strong><\/p>\n\n\n\n<p>A continuaci\u00f3n, se relacionan algunos de los actos cumplidos por las Direcciones Nacionales:<\/p>\n\n\n\n<ul class=\"wp-block-list\"><li><strong>Barrancabermeja:<\/strong>&nbsp;encuentro que cont\u00f3 con la participaci\u00f3n de la Secretar\u00eda de Educaci\u00f3n Distrital, representantes de universidades y colegios del distrito, muestra cultural de danzas por parte de aprendices SENA y taller pr\u00e1ctico &#8220;Construyendo Cultura de la Contribuci\u00f3n&#8221;.&nbsp;<\/li><li><strong>Bogot\u00e1-DSI:<\/strong>&nbsp;entrega de reconocimientos a los NAF, ante 50 estudiantes de la IED T\u00e9cnico Industrial de Tocancip\u00e1 y los NAF de las universidades de Cundinamarca, Grancolombia y Sena.&nbsp;<\/li><li><strong>Bucaramanga:<\/strong>&nbsp;se cont\u00f3 con la participaci\u00f3n de estudiantes desde primer grado hasta und\u00e9cimo de los colegios Caf\u00e9 Madrid y Mar\u00eda Auxiliadora, quienes compartieron el juego: &#8220;Escalera de la contribuci\u00f3n&#8221; y compartieron sus experiencias en Cultura de la Contribuci\u00f3n en la Escuela. Tambi\u00e9n se hicieron presentes miembros de los NAF territoriales como UDES, Uniminuto y UTS, as\u00ed como contribuyentes en general.&nbsp;<\/li><li><strong>Cali &#8211; DSI:<\/strong>&nbsp; lanzamiento del NAF de la Universidad del Valle y taller pr\u00e1ctico bajo la metodolog\u00eda de &#8220;world caf\u00e9&#8221; para conocer, a trav\u00e9s de la&nbsp;colaboraci\u00f3n, la creatividad y la construcci\u00f3n de conocimiento colectivo, la experiencia de los estudiantes y docentes en el programa NAF y la identificaci\u00f3n de oportunidades de mejora.&nbsp;<\/li><li><strong>Cartagena &#8211; DSI:<\/strong>&nbsp;mini festival Cultura de la Contribuci\u00f3n, con participaci\u00f3n de docentes y estudiantes de las escuelas y universidades NAF, donde se resaltaron las mejores pr\u00e1cticas, compartieron sus experiencias y aprendizajes y debatieron sobre impuestos y pol\u00edtica fiscal.&nbsp;<\/li><li><strong>Florencia:<\/strong>&nbsp;conversatorio &#8220;Sembrando semillas de cultura de la contribuci\u00f3n desde la ruralidad&#8221;, con participaci\u00f3n de las instituciones educativas rurales: Guillermo R\u00edos Mej\u00eda (Municipio San Vicente del Cagu\u00e1n), Reina Baja (Municipio La Monta\u00f1ita) y Rafael Uribe Uribe (Municipio El Paujil); as\u00ed como el Gimnasio Campestre de Florencia, los colegios Domingo Savio, Cristiano Maranata y Jorge Isaacs, y la Universidad de la Amazon\u00eda.&nbsp;<\/li><li><strong>Girardot:<\/strong>&nbsp;estudiantes de la Universidad Piloto de Colombia &#8211; sede Alto Magdalena brindaron apoyo a la ciudadan\u00eda en tr\u00e1mites RUT y promocionaron las estrategias y actividades que se adelantan en el convenio NAF, en beneficio de la comunidad. De igual forma, entre los contribuyentes presentes se llev\u00f3 a cabo una charla-debate sobre los beneficios de la tributaci\u00f3n.&nbsp;<\/li><li><strong>Ibagu\u00e9:<\/strong>&nbsp;encuentro para compartir experiencias de los programas CCE y NAF y entrega de reconocimientos a instituciones educativas y universitarias por su compromiso y resultados alcanzados.&nbsp;<\/li><li><strong>Manizales:<\/strong>&nbsp;ceremonia &#8220;Exaltamos tu contribuci\u00f3n al pa\u00eds&#8221;, donde se resalt\u00f3 a personas y entidades que mediante sus buenas pr\u00e1cticas, han aportado significativamente a la formaci\u00f3n y promoci\u00f3n de la Cultura de la Contribuci\u00f3n. Charla sobre Facturaci\u00f3n Electr\u00f3nica &#8220;T\u00fa contribuyes al desarrollo del pa\u00eds&#8221;, de la que nos queda una valiosa conclusi\u00f3n: la importancia de la participaci\u00f3n ciudadana en la formalizaci\u00f3n y transparencia.&nbsp;<\/li><li><strong>Neiva:<\/strong>&nbsp;presentaciones de los NAF sobre sus experiencias de apoyo a la comunidad en temas tributarios, conversatorio sobre el impacto de esta labor en los j\u00f3venes profesionales, mini concurso de cultura tributaria y charla sobre el Documento Electr\u00f3nico Equivalente en Facturaci\u00f3n Electr\u00f3nica.&nbsp;<\/li><li><strong>Pamplona<\/strong>: encuentro para promover y profundizar en la importancia de las obligaciones fiscales y su impacto en el desarrollo de la sociedad. Se cont\u00f3 con la participaci\u00f3n conjunta de las universidades de Pamplona y San Carlos de Guatemala, y se ofrecieron servicios de inscripci\u00f3n y actualizaci\u00f3n del RUT, orientaci\u00f3n y autogesti\u00f3n NAF.&nbsp;<\/li><li><strong>Pasto:<\/strong>&nbsp;evento centrado en divulgaci\u00f3n de la informaci\u00f3n de procesos DIAN y reconocimiento a la participaci\u00f3n de las universidades CESMAG, Mariana y colegios San Francisco Javier (Javeriano) y San Francisco de As\u00eds de Pasto.&nbsp;<\/li><li><strong>Santa Marta:<\/strong>&nbsp;conversatorio con microempresarios formalizados mostr\u00e1ndoles las bondades del Plan Canguro, y reconocimiento a instituciones educativas que han implementado la Cultura de la Contribuci\u00f3n en sus aulas.&nbsp;<\/li><li><strong>Sogamoso:&nbsp;<\/strong>&nbsp;encuentro &#8220;M\u00e1s (+) cultura\u2026\u2026 M\u00e1s (+) sociedad&#8221;, con participaci\u00f3n de cerca de 100 personas entre egresados, estudiantes y docentes, quienes tuvieron la oportunidad de conocer la experiencia y aportes de los estudiantes que han participado en los NAF. Adicionalmente se realiz\u00f3 un foro entre egresados que compartieron experiencias significativas de su desarrollo profesional y capacitaci\u00f3n sobre fortalecimiento empresarial y formalizaci\u00f3n tributaria.&nbsp;<\/li><li><strong>Tumaco:<\/strong>&nbsp;evento especial realizado en el Parque Col\u00f3n, con participaci\u00f3n de los estudiantes de la Universidad Remington. Tambi\u00e9n se ofrecieron diversas charlas informativas sobre temas tributarios, incluyendo orientaci\u00f3n TAC y el apoyo de los estudiantes NAF para la gesti\u00f3n del RUT en l\u00ednea.&nbsp;<\/li><li><strong>Tunja:<\/strong>&nbsp;actividad en el Colegio de la Presentaci\u00f3n, con participaci\u00f3n de m\u00e1s de 70 estudiantes de los grados noveno y d\u00e9cimo. A trav\u00e9s de actividades l\u00fadicas se asociaron conceptos b\u00e1sicos sobre el cuidado de lo p\u00fablico y su rol de estudiantes, con el aporte que ellos pueden realizar para fortalecer los conceptos de buenas pr\u00e1cticas desde la atenci\u00f3n a los impuestos.&nbsp;<\/li><li><strong>Valledupar:<\/strong>&nbsp;feria de la Cultura de la Contribuci\u00f3n 2024 en la que se compartieron experiencias del programa CCE, y reconocimiento a la labor realizada en las sedes Valledupar y Aguachica de la Universidad del Cesar. &nbsp;El evento termin\u00f3 con aires de caja, guacharaca y acorde\u00f3n, y animando a los presentes a vincularse al programa y a dar cada d\u00eda nuestro mejor esfuerzo para alcanzar mayores y mejores resultados.<\/li><\/ul>\n\n\n\n<p><strong>Agenda Bogot\u00e1<\/strong><\/p>\n\n\n\n<p>Llevada a cabo en alianza con la Pontificia Universidad Javeriana, cont\u00f3 con una n\u00f3mina importante de emprendedores, influenciadores, empresarios y academia, en la cual se compartieron experiencias enriquecedoras sobre las buenas pr\u00e1cticas y el cumplimiento de las obligaciones tributarias como garant\u00eda de \u00e9xito y apoyo al pa\u00eds y a la comunidad donde operan.<\/p>\n\n\n\n<p>Durante el evento fue anunciada la n\u00f3mina de ganadores de la&nbsp;<strong>Copa de la Contribuci\u00f3n 2024<\/strong>, de la siguiente forma:<\/p>\n\n\n\n<ul class=\"wp-block-list\"><li><strong>Primer lugar en categor\u00eda Servicio al ciudadano:<\/strong><\/li><\/ul>\n\n\n\n<p>Equipo ganador:&nbsp;Ingenio RN005 (reciente y novedoso).<\/p>\n\n\n\n<p>Sede:&nbsp;Direcci\u00f3n Seccional de Impuestos y Aduana de Pereira &#8211; Divisi\u00f3n Servicio al Ciudadano.<\/p>\n\n\n\n<p>Integrantes:&nbsp;Ruth Soraya Forero Duarte, Lizeth Katherine Riveros D\u00edaz, Angie Marcela Orejuela Hurtado, Alejandro Mej\u00eda V\u00e9lez y Juliana Mar\u00eda Rold\u00e1n Parra<\/p>\n\n\n\n<p>Proyecto:&nbsp;Implementaci\u00f3n de un sistema integrado para realizar la formalizaci\u00f3n de los tr\u00e1mites del RUT, en el cual se incorporar\u00eda tanto la validaci\u00f3n biom\u00e9trica y la firma digital, optimizando tambi\u00e9n la gesti\u00f3n documental.<\/p>\n\n\n\n<ul class=\"wp-block-list\"><li><strong>Primer lugar en categor\u00eda factura electr\u00f3nica:<\/strong><\/li><\/ul>\n\n\n\n<p>Equipo ganador:&nbsp;Taks<\/p>\n\n\n\n<p>Sede:&nbsp;Direcci\u00f3n Seccional de Impuestos Medell\u00edn.<\/p>\n\n\n\n<p>Integrantes:&nbsp;Angie Tatiana Ospina Zapata, Karen Yuliana Ram\u00edrez Valencia y Santiago Alejandro Cristancho Rodr\u00edguez. Trabajan en diferentes \u00e1reas de la entidad, en su mayor\u00eda en temas de fiscalizaci\u00f3n.<\/p>\n\n\n\n<p>Proyecto:&nbsp;articulaci\u00f3n Dian &#8211; Ministerio y Secretar\u00edas de Salud para un flujo eficiente de datos relevantes de los hechos econ\u00f3micos reportados en los Registros Individuales de Prestaci\u00f3n de Servicios &#8211; RIPS (Resoluci\u00f3n 2275 de 2023) que no hacen parte del ecosistema de facturaci\u00f3n electr\u00f3nica.<br><\/p>\n\n\n\n<ul class=\"wp-block-list\"><li><strong>Primer lugar en categor\u00eda abierta:<\/strong><\/li><\/ul>\n\n\n\n<p>Equipo ganador:&nbsp;Guardianes de la tributaci\u00f3n.<\/p>\n\n\n\n<p>Sede:&nbsp;Direcci\u00f3n Seccional de Impuestos y Aduanas de Riohacha &#8211; \u00e1rea de operaci\u00f3n aduanera.<\/p>\n\n\n\n<p>Integrantes:&nbsp;Am\u00e9rica Teresa Brito Aguilar, C\u00e1rmen Jimena Ortiz Delgado Juan David Fajardo Redondo y Mario Rafael Cobo Campo<\/p>\n\n\n\n<p>Proyecto:&nbsp;Mapa de procesos interactivo vinculado con los subprocesos correspondientes y documentos asociados.&nbsp;<\/p>\n\n\n\n<p>Adem\u00e1s, se entregaron reconocimientos a universidades que se destacan por su participaci\u00f3n en el convenio NAF, de la siguiente forma:<\/p>\n\n\n\n<ul class=\"wp-block-list\"><li><strong>&nbsp;Categor\u00eda: atenciones realizadas durante vigencia 2023 primer semestre 2024:<\/strong><\/li><\/ul>\n\n\n\n<ol class=\"wp-block-list\"><li>I puesto: Pontificia Universidad Javeriana<\/li><li>II puesto: Universidad del Cauca de Popay\u00e1n<\/li><li>III puesto: Fundaci\u00f3n Universitaria de Popay\u00e1n.<\/li><\/ol>\n\n\n\n<ul class=\"wp-block-list\"><li><strong>&nbsp;Categor\u00eda: reconocimientos con mayor # de capacitaciones realizadas hacia p\u00fablico en general:<\/strong><\/li><\/ul>\n\n\n\n<ol class=\"wp-block-list\"><li>I puesto: Pontificia Universidad Javeriana<\/li><li>II puesto: Universidad Cooperativa de Colombia seccional Pereira<\/li><li>III puesto: UniCesmag de la seccional de Pasto.<\/li><\/ol>\n\n\n\n<p>&nbsp;<strong>Categor\u00eda: Docentes que apoyan el programa:<\/strong><\/p>\n\n\n\n<p>Carlos Andr\u00e9s Corredor Herrera &#8211; Pontificia Universidad Javeriana<\/p>\n\n\n\n<p>Edwin Felipe Molina Quijano &#8211; Universidad del Cauca &#8211; Popay\u00e1n<\/p>\n\n\n\n<p>Fabi\u00e1n Alfonso L\u00f3pez Alegr\u00eda &#8211; Fundaci\u00f3n Universitaria de Popay\u00e1n \u2013 FUP Popay\u00e1n<\/p>\n\n\n\n<p>Edward Fabi\u00e1n Escobar \u00c1lvarez &#8211; Servicio Nacional se Aprendizaje Sena Bogot\u00e1, Contadur\u00eda<\/p>\n\n\n\n<p>Cicelys del Rosario S\u00e1nchez Thomas &#8211; Universidad Sim\u00f3n Bol\u00edvar Barranquilla<\/p>\n\n\n\n<p>Osman Redondo Bilbao &#8211; Corporaci\u00f3n Universitaria Americana<\/p>\n\n\n\n<p>Javier Orlando Tafurth Beltr\u00e1n y Julio Cesar Piamba Anaya &#8211; Corporaci\u00f3n Universitaria Comfacauca Popay\u00e1n<\/p>\n\n\n\n<p>Mary Luz Nu\u00f1ez Sierra &#8211; Universidad Popular del Cesar UPC &#8211; sede Aguachica<\/p>\n\n\n\n<p>Jos\u00e9 Fernando Castro Salazar &#8211; Corporaci\u00f3n Universitaria Minuto de Dios Uniminuto &#8211; Neiva<\/p>\n\n\n\n<p>Esperanza Hincapie Morales &#8211; Universidad Popular del Cesar UPC, sede Valledupar<\/p>\n\n\n\n<p>Ana Cecilia Lopera Pernett &#8211; Universidad de Sin\u00fa, sede Monter\u00eda<\/p>\n\n\n\n<p>Yelena Patricia Escudero Garrido &#8211; Universidad Cooperativa de Colombia campus Monter\u00eda<\/p>\n\n\n\n<p>Gonzalo Benavides &#8211; Corporaci\u00f3n Universitaria Minuto de Dios Uniminuto C\u00facuta<\/p>\n\n\n\n<p>Luis Fernando Guardiola Plaza &#8211; Universidad Francisco de Paula Santander C\u00facuta<\/p>\n\n\n\n<p>Carlos Valderrama Carrillo &#8211; Corporaci\u00f3n Universitaria Sim\u00f3n Bol\u00edvar UniSim\u00f3n &nbsp;&#8211; C\u00facuta<\/p>\n\n\n\n<p>Rocio Romero Blanco &#8211; Universidad San Buenaventura &#8211; Cartagena<\/p>\n\n\n\n<p>Sandra Patricia Charry Garc\u00eda &#8211; Corporaci\u00f3n Universitaria Remington -Uniremington Manizales<\/p>\n\n\n\n<p>Heriberto Luna Alcaraz &#8211; Universidad Libre<\/p>\n\n\n\n<p>Albanid Mosquera Castro &#8211; Universidad Libre<\/p>\n\n\n\n<p>Armando Isaac Zapata Atehort\u00faa &#8211; Universidad Aut\u00f3noma de Occidente<\/p>\n\n\n\n<p>Mery Janeth Molina &#8211; Corporaci\u00f3n Aut\u00f3noma de Nari\u00f1o &#8211; Aunar<\/p>\n\n\n\n<p>Jhon Jairo Bonilla Aldana &#8211; Universidad Cooperativa de Colombia<\/p>\n\n\n\n<p>Jorge Andr\u00e9s Pe\u00f1uela Botia &#8211; Universidad San Buenaventura<\/p>\n\n\n\n<p>Paola Carvajal Pardo &#8211; Universidad Santiago de Cali<\/p>\n\n\n\n<p>Jhon Mario Arredondo Ram\u00edrez &#8211; Universidad Cooperativa de Colombia Pereira<\/p>\n\n\n\n<p>Jos\u00e9 Gabriel Obando Obando &#8211; Universidad Cooperativa de Colombia Pereira<\/p>\n\n\n\n<p>Jailer Alberto Hern\u00e1ndez Ot\u00e1lvaro &#8211; Universidad Libre Pereira<\/p>\n\n\n\n<p>Leidy Johanna Hern\u00e1ndez Ram\u00edrez &#8211; Universidad Libre Pereira<\/p>\n\n\n\n<p>Jorge Humberto Cort\u00e9s Nu\u00f1ez &#8211; Corporaci\u00f3n Universitaria Minuto de Dios Uniminuto &#8211; Pereira<\/p>\n\n\n\n<p>Iv\u00e1n Alonso Buitrago Marquez &#8211; Universidad Cat\u00f3lica Pereira<\/p>\n\n\n\n<p>Paola Andrea Rosero Mu\u00f1oz &#8211; Universidad Mariana Pasto<\/p>\n\n\n\n<p>Diego Fernando David Guerra &#8211; Universidad Cesmag Pasto<\/p>\n\n\n\n<p>Andrea Lorena Arteaga Fl\u00f3rez &#8211; Universidad Mariana Pasto<\/p>\n\n\n\n<p>Fray Luis Eduardo Rubiano Gu\u00e1queta &#8211; Universidad Cesmag Pasto<\/p>\n\n\n\n<p>Yanneth Patricia C\u00e9spedes Torres &#8211; Fundaci\u00f3n Universitaria Compensar Villavicencio<\/p>\n\n\n\n<p>Mauro Asdrual G\u00f3mez Gonz\u00e1lez &#8211; Unidades Tecnol\u00f3gicas de Santander<\/p>\n\n\n\n<p>Carolina Mart\u00ednez Herrera &#8211; Universidad de Santander &#8211; UDES<\/p>\n\n\n\n<p>Nury Yaidy Parrales Mart\u00ednez- Fundaci\u00f3n Universitaria de San Gil &#8211; Unisangil<\/p>\n\n\n\n<p>Ricardo Elias Celis Parra &#8211; Universidad Antonio Nari\u00f1o &#8211; sede Duitama<\/p>\n\n\n\n<p>Claudia Sof\u00eda Blanco Iba\u00f1ez &#8211; Universidad Pedag\u00f3gica y Tecnol\u00f3gica de Colombia &#8211; UPTC Sogamoso, Contadur\u00eda<br><br>&nbsp;<strong>Categor\u00eda: Reconocimiento a los l\u00edderes de las Direcciones Seccionales DIAN<\/strong><\/p>\n\n\n\n<p>DSI Barranquilla &#8211; Diana Patricia V\u00e1squez Ram\u00edrez<\/p>\n\n\n\n<p>DSI Bogot\u00e1 &#8211; Beatriz Eugenia Calder\u00f3n Pinto<\/p>\n\n\n\n<p>DSIA Popay\u00e1n &#8211; Oneyra Molano Obando<\/p>\n\n\n\n<p>DSIA Bucaramanga &#8211; Mar\u00eda Teresa Restrepo Reyes<\/p>\n\n\n\n<p>DSIA Barrancabermeja &#8211; Luis Guillermo Ortiz Covelli<\/p>\n\n\n\n<p>DSI Cali &#8211; Nathalia D\u00edaz Penagos<\/p>\n\n\n\n<p>DSI Cartagena &#8211; Maria Consuelo Garc\u00eda Su\u00e1rez<\/p>\n\n\n\n<p>DSI C\u00facuta &#8211; Rosana Elena Rond\u00f3n P\u00e9rez<\/p>\n\n\n\n<p>DSIA Ibagu\u00e9 &#8211; Alba Trinidad Sarmiento Guti\u00e9rrez<\/p>\n\n\n\n<p>DSIA Neiva &#8211; Nubia L\u00f3pez Arias<\/p>\n\n\n\n<p>DSIA Medell\u00edn &#8211; Likza Johana Fern\u00e1ndez Botero<\/p>\n\n\n\n<p>DSIA Puerto As\u00eds &#8211; Fabio G\u00f3mez Correa<\/p>\n\n\n\n<p>DSIA Riohacha &#8211; Yaline de Jes\u00fas Melo Freile<\/p>\n\n\n\n<p>DSIA Tunja &#8211; Luz Marina D\u00edaz Rojas<\/p>\n\n\n\n<p>DSIA Valledupar &#8211; Hilary Paez Soto<\/p>\n\n\n\n<p>DSIA Pereira &#8211; Ruth Soraya Forero Duarte<\/p>\n","protected":false},"excerpt":{"rendered":"<p>Bogot\u00e1 D. C., mi\u00e9rcoles 13 de noviembre, 2024.&nbsp; La educaci\u00f3n es uno de los pilares b\u00e1sicos con los que se busca fortalecer la cultura tributaria en el pa\u00eds seg\u00fan los temas tratados durante la Semana Cultura de la Contribuci\u00f3n DIAN 2024. P\u00fablicos de todas las edades participaron en esta iniciativa, en la que se sumaron [&hellip;]<\/p>\n","protected":false},"author":1,"featured_media":1322,"comment_status":"open","ping_status":"open","sticky":false,"template":"","format":"standard","meta":{"_et_pb_use_builder":"off","_et_pb_old_content":"<!-- wp:paragraph -->\n<p><strong>Bogot\u00e1 D. C., mi\u00e9rcoles 13 de noviembre, 2024.<\/strong>&nbsp;<\/p>\n<!-- \/wp:paragraph -->\n\n<!-- wp:paragraph -->\n<p>La educaci\u00f3n es uno de los pilares b\u00e1sicos con los que se busca fortalecer la cultura tributaria en el pa\u00eds seg\u00fan los temas tratados durante la Semana Cultura de la Contribuci\u00f3n DIAN 2024.<\/p>\n<!-- \/wp:paragraph -->\n\n<!-- wp:paragraph -->\n<p>P\u00fablicos de todas las edades participaron en esta iniciativa, en la que se sumaron las Direcciones Seccionales con charlas, exposiciones, tertulias, acciones l\u00fadicas y otras actividades a trav\u00e9s de las cuales se promocion\u00f3 el sentido legal, \u00e9tico, moral y social de la tributaci\u00f3n, llamada a garantizar que como sociedad, aportemos lo justo para que el Estado disponga de los recursos necesarios para financiar los proyectos p\u00fablicos y conducir el pa\u00eds por la senda del crecimiento y el desarrollo econ\u00f3mico.<\/p>\n<!-- \/wp:paragraph -->\n\n<!-- wp:paragraph -->\n<p><strong>Agenda nacional<\/strong><\/p>\n<!-- \/wp:paragraph -->\n\n<!-- wp:paragraph -->\n<p>A continuaci\u00f3n, se relacionan algunos de los actos cumplidos por las Direcciones Nacionales:<\/p>\n<!-- \/wp:paragraph -->\n\n<!-- wp:list -->\n<ul><li><strong>Barrancabermeja:<\/strong>&nbsp;encuentro que cont\u00f3 con la participaci\u00f3n de la Secretar\u00eda de Educaci\u00f3n Distrital, representantes de universidades y colegios del distrito, muestra cultural de danzas por parte de aprendices SENA y taller pr\u00e1ctico \"Construyendo Cultura de la Contribuci\u00f3n\".&nbsp;<\/li><li><strong>Bogot\u00e1-DSI:<\/strong>&nbsp;entrega de reconocimientos a los NAF, ante 50 estudiantes de la IED T\u00e9cnico Industrial de Tocancip\u00e1 y los NAF de las universidades de Cundinamarca, Grancolombia y Sena.&nbsp;<\/li><li><strong>Bucaramanga:<\/strong>&nbsp;se cont\u00f3 con la participaci\u00f3n de estudiantes desde primer grado hasta und\u00e9cimo de los colegios Caf\u00e9 Madrid y Mar\u00eda Auxiliadora, quienes compartieron el juego: \"Escalera de la contribuci\u00f3n\" y compartieron sus experiencias en Cultura de la Contribuci\u00f3n en la Escuela. Tambi\u00e9n se hicieron presentes miembros de los NAF territoriales como UDES, Uniminuto y UTS, as\u00ed como contribuyentes en general.&nbsp;<\/li><li><strong>Cali - DSI:<\/strong>&nbsp; lanzamiento del NAF de la Universidad del Valle y taller pr\u00e1ctico bajo la metodolog\u00eda de \"world caf\u00e9\" para conocer, a trav\u00e9s de la&nbsp;colaboraci\u00f3n, la creatividad y la construcci\u00f3n de conocimiento colectivo, la experiencia de los estudiantes y docentes en el programa NAF y la identificaci\u00f3n de oportunidades de mejora.&nbsp;<\/li><li><strong>Cartagena - DSI:<\/strong>&nbsp;mini festival Cultura de la Contribuci\u00f3n, con participaci\u00f3n de docentes y estudiantes de las escuelas y universidades NAF, donde se resaltaron las mejores pr\u00e1cticas, compartieron sus experiencias y aprendizajes y debatieron sobre impuestos y pol\u00edtica fiscal.&nbsp;<\/li><li><strong>Florencia:<\/strong>&nbsp;conversatorio \"Sembrando semillas de cultura de la contribuci\u00f3n desde la ruralidad\", con participaci\u00f3n de las instituciones educativas rurales: Guillermo R\u00edos Mej\u00eda (Municipio San Vicente del Cagu\u00e1n), Reina Baja (Municipio La Monta\u00f1ita) y Rafael Uribe Uribe (Municipio El Paujil); as\u00ed como el Gimnasio Campestre de Florencia, los colegios Domingo Savio, Cristiano Maranata y Jorge Isaacs, y la Universidad de la Amazon\u00eda.&nbsp;<\/li><li><strong>Girardot:<\/strong>&nbsp;estudiantes de la Universidad Piloto de Colombia - sede Alto Magdalena brindaron apoyo a la ciudadan\u00eda en tr\u00e1mites RUT y promocionaron las estrategias y actividades que se adelantan en el convenio NAF, en beneficio de la comunidad. De igual forma, entre los contribuyentes presentes se llev\u00f3 a cabo una charla-debate sobre los beneficios de la tributaci\u00f3n.&nbsp;<\/li><li><strong>Ibagu\u00e9:<\/strong>&nbsp;encuentro para compartir experiencias de los programas CCE y NAF y entrega de reconocimientos a instituciones educativas y universitarias por su compromiso y resultados alcanzados.&nbsp;<\/li><li><strong>Manizales:<\/strong>&nbsp;ceremonia \"Exaltamos tu contribuci\u00f3n al pa\u00eds\", donde se resalt\u00f3 a personas y entidades que mediante sus buenas pr\u00e1cticas, han aportado significativamente a la formaci\u00f3n y promoci\u00f3n de la Cultura de la Contribuci\u00f3n. Charla sobre Facturaci\u00f3n Electr\u00f3nica \"T\u00fa contribuyes al desarrollo del pa\u00eds\", de la que nos queda una valiosa conclusi\u00f3n: la importancia de la participaci\u00f3n ciudadana en la formalizaci\u00f3n y transparencia.&nbsp;<\/li><li><strong>Neiva:<\/strong>&nbsp;presentaciones de los NAF sobre sus experiencias de apoyo a la comunidad en temas tributarios, conversatorio sobre el impacto de esta labor en los j\u00f3venes profesionales, mini concurso de cultura tributaria y charla sobre el Documento Electr\u00f3nico Equivalente en Facturaci\u00f3n Electr\u00f3nica.&nbsp;<\/li><li><strong>Pamplona<\/strong>: encuentro para promover y profundizar en la importancia de las obligaciones fiscales y su impacto en el desarrollo de la sociedad. Se cont\u00f3 con la participaci\u00f3n conjunta de las universidades de Pamplona y San Carlos de Guatemala, y se ofrecieron servicios de inscripci\u00f3n y actualizaci\u00f3n del RUT, orientaci\u00f3n y autogesti\u00f3n NAF.&nbsp;<\/li><li><strong>Pasto:<\/strong>&nbsp;evento centrado en divulgaci\u00f3n de la informaci\u00f3n de procesos DIAN y reconocimiento a la participaci\u00f3n de las universidades CESMAG, Mariana y colegios San Francisco Javier (Javeriano) y San Francisco de As\u00eds de Pasto.&nbsp;<\/li><li><strong>Santa Marta:<\/strong>&nbsp;conversatorio con microempresarios formalizados mostr\u00e1ndoles las bondades del Plan Canguro, y reconocimiento a instituciones educativas que han implementado la Cultura de la Contribuci\u00f3n en sus aulas.&nbsp;<\/li><li><strong>Sogamoso:&nbsp;<\/strong>&nbsp;encuentro \"M\u00e1s (+) cultura\u2026\u2026 M\u00e1s (+) sociedad\", con participaci\u00f3n de cerca de 100 personas entre egresados, estudiantes y docentes, quienes tuvieron la oportunidad de conocer la experiencia y aportes de los estudiantes que han participado en los NAF. Adicionalmente se realiz\u00f3 un foro entre egresados que compartieron experiencias significativas de su desarrollo profesional y capacitaci\u00f3n sobre fortalecimiento empresarial y formalizaci\u00f3n tributaria.&nbsp;<\/li><li><strong>Tumaco:<\/strong>&nbsp;evento especial realizado en el Parque Col\u00f3n, con participaci\u00f3n de los estudiantes de la Universidad Remington. Tambi\u00e9n se ofrecieron diversas charlas informativas sobre temas tributarios, incluyendo orientaci\u00f3n TAC y el apoyo de los estudiantes NAF para la gesti\u00f3n del RUT en l\u00ednea.&nbsp;<\/li><li><strong>Tunja:<\/strong>&nbsp;actividad en el Colegio de la Presentaci\u00f3n, con participaci\u00f3n de m\u00e1s de 70 estudiantes de los grados noveno y d\u00e9cimo. A trav\u00e9s de actividades l\u00fadicas se asociaron conceptos b\u00e1sicos sobre el cuidado de lo p\u00fablico y su rol de estudiantes, con el aporte que ellos pueden realizar para fortalecer los conceptos de buenas pr\u00e1cticas desde la atenci\u00f3n a los impuestos.&nbsp;<\/li><li><strong>Valledupar:<\/strong>&nbsp;feria de la Cultura de la Contribuci\u00f3n 2024 en la que se compartieron experiencias del programa CCE, y reconocimiento a la labor realizada en las sedes Valledupar y Aguachica de la Universidad del Cesar. &nbsp;El evento termin\u00f3 con aires de caja, guacharaca y acorde\u00f3n, y animando a los presentes a vincularse al programa y a dar cada d\u00eda nuestro mejor esfuerzo para alcanzar mayores y mejores resultados.<\/li><\/ul>\n<!-- \/wp:list -->\n\n<!-- wp:paragraph -->\n<p><strong>Agenda Bogot\u00e1<\/strong><\/p>\n<!-- \/wp:paragraph -->\n\n<!-- wp:paragraph -->\n<p>Llevada a cabo en alianza con la Pontificia Universidad Javeriana, cont\u00f3 con una n\u00f3mina importante de emprendedores, influenciadores, empresarios y academia, en la cual se compartieron experiencias enriquecedoras sobre las buenas pr\u00e1cticas y el cumplimiento de las obligaciones tributarias como garant\u00eda de \u00e9xito y apoyo al pa\u00eds y a la comunidad donde operan.<\/p>\n<!-- \/wp:paragraph -->\n\n<!-- wp:paragraph -->\n<p>Durante el evento fue anunciada la n\u00f3mina de ganadores de la&nbsp;<strong>Copa de la Contribuci\u00f3n 2024<\/strong>, de la siguiente forma:<\/p>\n<!-- \/wp:paragraph -->\n\n<!-- wp:list -->\n<ul><li><strong>Primer lugar en categor\u00eda Servicio al ciudadano:<\/strong><\/li><\/ul>\n<!-- \/wp:list -->\n\n<!-- wp:paragraph -->\n<p>Equipo ganador:&nbsp;Ingenio RN005 (reciente y novedoso).<\/p>\n<!-- \/wp:paragraph -->\n\n<!-- wp:paragraph -->\n<p>Sede:&nbsp;Direcci\u00f3n Seccional de Impuestos y Aduana de Pereira - Divisi\u00f3n Servicio al Ciudadano.<\/p>\n<!-- \/wp:paragraph -->\n\n<!-- wp:paragraph -->\n<p>Integrantes:&nbsp;Ruth Soraya Forero Duarte, Lizeth Katherine Riveros D\u00edaz, Angie Marcela Orejuela Hurtado, Alejandro Mej\u00eda V\u00e9lez y Juliana Mar\u00eda Rold\u00e1n Parra<\/p>\n<!-- \/wp:paragraph -->\n\n<!-- wp:paragraph -->\n<p>Proyecto:&nbsp;Implementaci\u00f3n de un sistema integrado para realizar la formalizaci\u00f3n de los tr\u00e1mites del RUT, en el cual se incorporar\u00eda tanto la validaci\u00f3n biom\u00e9trica y la firma digital, optimizando tambi\u00e9n la gesti\u00f3n documental.<\/p>\n<!-- \/wp:paragraph -->\n\n<!-- wp:list -->\n<ul><li><strong>Primer lugar en categor\u00eda factura electr\u00f3nica:<\/strong><\/li><\/ul>\n<!-- \/wp:list -->\n\n<!-- wp:paragraph -->\n<p>Equipo ganador:&nbsp;Taks<\/p>\n<!-- \/wp:paragraph -->\n\n<!-- wp:paragraph -->\n<p>Sede:&nbsp;Direcci\u00f3n Seccional de Impuestos Medell\u00edn.<\/p>\n<!-- \/wp:paragraph -->\n\n<!-- wp:paragraph -->\n<p>Integrantes:&nbsp;Angie Tatiana Ospina Zapata, Karen Yuliana Ram\u00edrez Valencia y Santiago Alejandro Cristancho Rodr\u00edguez. Trabajan en diferentes \u00e1reas de la entidad, en su mayor\u00eda en temas de fiscalizaci\u00f3n.<\/p>\n<!-- \/wp:paragraph -->\n\n<!-- wp:paragraph -->\n<p>Proyecto:&nbsp;articulaci\u00f3n Dian - Ministerio y Secretar\u00edas de Salud para un flujo eficiente de datos relevantes de los hechos econ\u00f3micos reportados en los Registros Individuales de Prestaci\u00f3n de Servicios - RIPS (Resoluci\u00f3n 2275 de 2023) que no hacen parte del ecosistema de facturaci\u00f3n electr\u00f3nica.<br><\/p>\n<!-- \/wp:paragraph -->\n\n<!-- wp:list -->\n<ul><li><strong>Primer lugar en categor\u00eda abierta:<\/strong><\/li><\/ul>\n<!-- \/wp:list -->\n\n<!-- wp:paragraph -->\n<p>Equipo ganador:&nbsp;Guardianes de la tributaci\u00f3n.<\/p>\n<!-- \/wp:paragraph -->\n\n<!-- wp:paragraph -->\n<p>Sede:&nbsp;Direcci\u00f3n Seccional de Impuestos y Aduanas de Riohacha - \u00e1rea de operaci\u00f3n aduanera.<\/p>\n<!-- \/wp:paragraph -->\n\n<!-- wp:paragraph -->\n<p>Integrantes:&nbsp;Am\u00e9rica Teresa Brito Aguilar, C\u00e1rmen Jimena Ortiz Delgado Juan David Fajardo Redondo y Mario Rafael Cobo Campo<\/p>\n<!-- \/wp:paragraph -->\n\n<!-- wp:paragraph -->\n<p>Proyecto:&nbsp;Mapa de procesos interactivo vinculado con los subprocesos correspondientes y documentos asociados.&nbsp;<\/p>\n<!-- \/wp:paragraph -->\n\n<!-- wp:paragraph -->\n<p>Adem\u00e1s, se entregaron reconocimientos a universidades que se destacan por su participaci\u00f3n en el convenio NAF, de la siguiente forma:<\/p>\n<!-- \/wp:paragraph -->\n\n<!-- wp:list -->\n<ul><li><strong>&nbsp;Categor\u00eda: atenciones realizadas durante vigencia 2023 primer semestre 2024:<\/strong><\/li><\/ul>\n<!-- \/wp:list -->\n\n<!-- wp:list {\"ordered\":true} -->\n<ol><li>I puesto: Pontificia Universidad Javeriana<\/li><li>II puesto: Universidad del Cauca de Popay\u00e1n<\/li><li>III puesto: Fundaci\u00f3n Universitaria de Popay\u00e1n.<\/li><\/ol>\n<!-- \/wp:list -->\n\n<!-- wp:list -->\n<ul><li><strong>&nbsp;Categor\u00eda: reconocimientos con mayor # de capacitaciones realizadas hacia p\u00fablico en general:<\/strong><\/li><\/ul>\n<!-- \/wp:list -->\n\n<!-- wp:list {\"ordered\":true} -->\n<ol><li>I puesto: Pontificia Universidad Javeriana<\/li><li>II puesto: Universidad Cooperativa de Colombia seccional Pereira<\/li><li>III puesto: UniCesmag de la seccional de Pasto.<\/li><\/ol>\n<!-- \/wp:list -->\n\n<!-- wp:paragraph -->\n<p>&nbsp;<strong>Categor\u00eda: Docentes que apoyan el programa:<\/strong><\/p>\n<!-- \/wp:paragraph -->\n\n<!-- wp:paragraph -->\n<p>Carlos Andr\u00e9s Corredor Herrera - Pontificia Universidad Javeriana<\/p>\n<!-- \/wp:paragraph -->\n\n<!-- wp:paragraph -->\n<p>Edwin Felipe Molina Quijano - Universidad del Cauca - Popay\u00e1n<\/p>\n<!-- \/wp:paragraph -->\n\n<!-- wp:paragraph -->\n<p>Fabi\u00e1n Alfonso L\u00f3pez Alegr\u00eda - Fundaci\u00f3n Universitaria de Popay\u00e1n \u2013 FUP Popay\u00e1n<\/p>\n<!-- \/wp:paragraph -->\n\n<!-- wp:paragraph -->\n<p>Edward Fabi\u00e1n Escobar \u00c1lvarez - Servicio Nacional se Aprendizaje Sena Bogot\u00e1, Contadur\u00eda<\/p>\n<!-- \/wp:paragraph -->\n\n<!-- wp:paragraph -->\n<p>Cicelys del Rosario S\u00e1nchez Thomas - Universidad Sim\u00f3n Bol\u00edvar Barranquilla<\/p>\n<!-- \/wp:paragraph -->\n\n<!-- wp:paragraph -->\n<p>Osman Redondo Bilbao - Corporaci\u00f3n Universitaria Americana<\/p>\n<!-- \/wp:paragraph -->\n\n<!-- wp:paragraph -->\n<p>Javier Orlando Tafurth Beltr\u00e1n y Julio Cesar Piamba Anaya - Corporaci\u00f3n Universitaria Comfacauca Popay\u00e1n<\/p>\n<!-- \/wp:paragraph -->\n\n<!-- wp:paragraph -->\n<p>Mary Luz Nu\u00f1ez Sierra - Universidad Popular del Cesar UPC - sede Aguachica<\/p>\n<!-- \/wp:paragraph -->\n\n<!-- wp:paragraph -->\n<p>Jos\u00e9 Fernando Castro Salazar - Corporaci\u00f3n Universitaria Minuto de Dios Uniminuto - Neiva<\/p>\n<!-- \/wp:paragraph -->\n\n<!-- wp:paragraph -->\n<p>Esperanza Hincapie Morales - Universidad Popular del Cesar UPC, sede Valledupar<\/p>\n<!-- \/wp:paragraph -->\n\n<!-- wp:paragraph -->\n<p>Ana Cecilia Lopera Pernett - Universidad de Sin\u00fa, sede Monter\u00eda<\/p>\n<!-- \/wp:paragraph -->\n\n<!-- wp:paragraph -->\n<p>Yelena Patricia Escudero Garrido - Universidad Cooperativa de Colombia campus Monter\u00eda<\/p>\n<!-- \/wp:paragraph -->\n\n<!-- wp:paragraph -->\n<p>Gonzalo Benavides - Corporaci\u00f3n Universitaria Minuto de Dios Uniminuto C\u00facuta<\/p>\n<!-- \/wp:paragraph -->\n\n<!-- wp:paragraph -->\n<p>Luis Fernando Guardiola Plaza - Universidad Francisco de Paula Santander C\u00facuta<\/p>\n<!-- \/wp:paragraph -->\n\n<!-- wp:paragraph -->\n<p>Carlos Valderrama Carrillo - Corporaci\u00f3n Universitaria Sim\u00f3n Bol\u00edvar UniSim\u00f3n &nbsp;- C\u00facuta<\/p>\n<!-- \/wp:paragraph -->\n\n<!-- wp:paragraph -->\n<p>Rocio Romero Blanco - Universidad San Buenaventura - Cartagena<\/p>\n<!-- \/wp:paragraph -->\n\n<!-- wp:paragraph -->\n<p>Sandra Patricia Charry Garc\u00eda - Corporaci\u00f3n Universitaria Remington -Uniremington Manizales<\/p>\n<!-- \/wp:paragraph -->\n\n<!-- wp:paragraph -->\n<p>Heriberto Luna Alcaraz - Universidad Libre<\/p>\n<!-- \/wp:paragraph -->\n\n<!-- wp:paragraph -->\n<p>Albanid Mosquera Castro - Universidad Libre<\/p>\n<!-- \/wp:paragraph -->\n\n<!-- wp:paragraph -->\n<p>Armando Isaac Zapata Atehort\u00faa - Universidad Aut\u00f3noma de Occidente<\/p>\n<!-- \/wp:paragraph -->\n\n<!-- wp:paragraph -->\n<p>Mery Janeth Molina - Corporaci\u00f3n Aut\u00f3noma de Nari\u00f1o - Aunar<\/p>\n<!-- \/wp:paragraph -->\n\n<!-- wp:paragraph -->\n<p>Jhon Jairo Bonilla Aldana - Universidad Cooperativa de Colombia<\/p>\n<!-- \/wp:paragraph -->\n\n<!-- wp:paragraph -->\n<p>Jorge Andr\u00e9s Pe\u00f1uela Botia - Universidad San Buenaventura<\/p>\n<!-- \/wp:paragraph -->\n\n<!-- wp:paragraph -->\n<p>Paola Carvajal Pardo - Universidad Santiago de Cali<\/p>\n<!-- \/wp:paragraph -->\n\n<!-- wp:paragraph -->\n<p>Jhon Mario Arredondo Ram\u00edrez - Universidad Cooperativa de Colombia Pereira<\/p>\n<!-- \/wp:paragraph -->\n\n<!-- wp:paragraph -->\n<p>Jos\u00e9 Gabriel Obando Obando - Universidad Cooperativa de Colombia Pereira<\/p>\n<!-- \/wp:paragraph -->\n\n<!-- wp:paragraph -->\n<p>Jailer Alberto Hern\u00e1ndez Ot\u00e1lvaro - Universidad Libre Pereira<\/p>\n<!-- \/wp:paragraph -->\n\n<!-- wp:paragraph -->\n<p>Leidy Johanna Hern\u00e1ndez Ram\u00edrez - Universidad Libre Pereira<\/p>\n<!-- \/wp:paragraph -->\n\n<!-- wp:paragraph -->\n<p>Jorge Humberto Cort\u00e9s Nu\u00f1ez - Corporaci\u00f3n Universitaria Minuto de Dios Uniminuto - Pereira<\/p>\n<!-- \/wp:paragraph -->\n\n<!-- wp:paragraph -->\n<p>Iv\u00e1n Alonso Buitrago Marquez - Universidad Cat\u00f3lica Pereira<\/p>\n<!-- \/wp:paragraph -->\n\n<!-- wp:paragraph -->\n<p>Paola Andrea Rosero Mu\u00f1oz - Universidad Mariana Pasto<\/p>\n<!-- \/wp:paragraph -->\n\n<!-- wp:paragraph -->\n<p>Diego Fernando David Guerra - Universidad Cesmag Pasto<\/p>\n<!-- \/wp:paragraph -->\n\n<!-- wp:paragraph -->\n<p>Andrea Lorena Arteaga Fl\u00f3rez - Universidad Mariana Pasto<\/p>\n<!-- \/wp:paragraph -->\n\n<!-- wp:paragraph -->\n<p>Fray Luis Eduardo Rubiano Gu\u00e1queta - Universidad Cesmag Pasto<\/p>\n<!-- \/wp:paragraph -->\n\n<!-- wp:paragraph -->\n<p>Yanneth Patricia C\u00e9spedes Torres - Fundaci\u00f3n Universitaria Compensar Villavicencio<\/p>\n<!-- \/wp:paragraph -->\n\n<!-- wp:paragraph -->\n<p>Mauro Asdrual G\u00f3mez Gonz\u00e1lez - Unidades Tecnol\u00f3gicas de Santander<\/p>\n<!-- \/wp:paragraph -->\n\n<!-- wp:paragraph -->\n<p>Carolina Mart\u00ednez Herrera - Universidad de Santander - UDES<\/p>\n<!-- \/wp:paragraph -->\n\n<!-- wp:paragraph -->\n<p>Nury Yaidy Parrales Mart\u00ednez- Fundaci\u00f3n Universitaria de San Gil - Unisangil<\/p>\n<!-- \/wp:paragraph -->\n\n<!-- wp:paragraph -->\n<p>Ricardo Elias Celis Parra - Universidad Antonio Nari\u00f1o - sede Duitama<\/p>\n<!-- \/wp:paragraph -->\n\n<!-- wp:paragraph -->\n<p>Claudia Sof\u00eda Blanco Iba\u00f1ez - Universidad Pedag\u00f3gica y Tecnol\u00f3gica de Colombia - UPTC Sogamoso, Contadur\u00eda<br><br>&nbsp;<strong>Categor\u00eda: Reconocimiento a los l\u00edderes de las Direcciones Seccionales DIAN<\/strong><\/p>\n<!-- \/wp:paragraph -->\n\n<!-- wp:paragraph -->\n<p>DSI Barranquilla - Diana Patricia V\u00e1squez Ram\u00edrez<\/p>\n<!-- \/wp:paragraph -->\n\n<!-- wp:paragraph -->\n<p>DSI Bogot\u00e1 - Beatriz Eugenia Calder\u00f3n Pinto<\/p>\n<!-- \/wp:paragraph -->\n\n<!-- wp:paragraph -->\n<p>DSIA Popay\u00e1n - Oneyra Molano Obando<\/p>\n<!-- \/wp:paragraph -->\n\n<!-- wp:paragraph -->\n<p>DSIA Bucaramanga - Mar\u00eda Teresa Restrepo Reyes<\/p>\n<!-- \/wp:paragraph -->\n\n<!-- wp:paragraph -->\n<p>DSIA Barrancabermeja - Luis Guillermo Ortiz Covelli<\/p>\n<!-- \/wp:paragraph -->\n\n<!-- wp:paragraph -->\n<p>DSI Cali - Nathalia D\u00edaz Penagos<\/p>\n<!-- \/wp:paragraph -->\n\n<!-- wp:paragraph -->\n<p>DSI Cartagena - Maria Consuelo Garc\u00eda Su\u00e1rez<\/p>\n<!-- \/wp:paragraph -->\n\n<!-- wp:paragraph -->\n<p>DSI C\u00facuta - Rosana Elena Rond\u00f3n P\u00e9rez<\/p>\n<!-- \/wp:paragraph -->\n\n<!-- wp:paragraph -->\n<p>DSIA Ibagu\u00e9 - Alba Trinidad Sarmiento Guti\u00e9rrez<\/p>\n<!-- \/wp:paragraph -->\n\n<!-- wp:paragraph -->\n<p>DSIA Neiva - Nubia L\u00f3pez Arias<\/p>\n<!-- \/wp:paragraph -->\n\n<!-- wp:paragraph -->\n<p>DSIA Medell\u00edn - Likza Johana Fern\u00e1ndez Botero<\/p>\n<!-- \/wp:paragraph -->\n\n<!-- wp:paragraph -->\n<p>DSIA Puerto As\u00eds - Fabio G\u00f3mez Correa<\/p>\n<!-- \/wp:paragraph -->\n\n<!-- wp:paragraph -->\n<p>DSIA Riohacha - Yaline de Jes\u00fas Melo Freile<\/p>\n<!-- \/wp:paragraph -->\n\n<!-- wp:paragraph -->\n<p>DSIA Tunja - Luz Marina D\u00edaz Rojas<\/p>\n<!-- \/wp:paragraph -->\n\n<!-- wp:paragraph -->\n<p>DSIA Valledupar - Hilary Paez Soto<\/p>\n<!-- \/wp:paragraph -->\n\n<!-- wp:paragraph -->\n<p>DSIA Pereira - Ruth Soraya Forero Duarte<\/p>\n<!-- \/wp:paragraph -->","_et_gb_content_width":"","footnotes":""},"categories":[1],"tags":[],"class_list":["post-1321","post","type-post","status-publish","format-standard","has-post-thumbnail","hentry","category-cce"],"yoast_head":"<!-- This site is optimized with the Yoast SEO Premium plugin v18.5 (Yoast SEO v27.2) - https:\/\/yoast.com\/product\/yoast-seo-premium-wordpress\/ -->\n<title>Concluy\u00f3 la VI versi\u00f3n de la Semana Cultura de la Contribuci\u00f3n 2024 - Cultura de la Contribuci\u00f3n<\/title>\n<meta name=\"robots\" content=\"index, follow, max-snippet:-1, max-image-preview:large, max-video-preview:-1\" \/>\n<link rel=\"canonical\" href=\"https:\/\/micrositios.dian.gov.co\/cultura-de-contribucion\/2024\/11\/25\/concluyo-la-vi-version-de-la-semana-cultura-de-la-contribucion-2024\/\" \/>\n<meta property=\"og:locale\" content=\"es_ES\" \/>\n<meta property=\"og:type\" content=\"article\" \/>\n<meta property=\"og:title\" content=\"Concluy\u00f3 la VI versi\u00f3n de la Semana Cultura de la Contribuci\u00f3n 2024\" \/>\n<meta property=\"og:description\" content=\"Bogot\u00e1 D. C., mi\u00e9rcoles 13 de noviembre, 2024.&nbsp; La educaci\u00f3n es uno de los pilares b\u00e1sicos con los que se busca fortalecer la cultura tributaria en el pa\u00eds seg\u00fan los temas tratados durante la Semana Cultura de la Contribuci\u00f3n DIAN 2024. P\u00fablicos de todas las edades participaron en esta iniciativa, en la que se sumaron [&hellip;]\" \/>\n<meta property=\"og:url\" content=\"https:\/\/micrositios.dian.gov.co\/cultura-de-contribucion\/2024\/11\/25\/concluyo-la-vi-version-de-la-semana-cultura-de-la-contribucion-2024\/\" \/>\n<meta property=\"og:site_name\" content=\"Cultura de la Contribuci\u00f3n\" \/>\n<meta property=\"article:published_time\" content=\"2024-11-25T12:31:24+00:00\" \/>\n<meta property=\"article:modified_time\" content=\"2024-11-25T12:35:19+00:00\" \/>\n<meta property=\"og:image\" content=\"https:\/\/micrositios.dian.gov.co\/cultura-de-contribucion\/wp-content\/uploads\/sites\/7\/2024\/11\/Semana-Cultura-contribuacion-2024.jpg\" \/>\n\t<meta property=\"og:image:width\" content=\"700\" \/>\n\t<meta property=\"og:image:height\" content=\"284\" \/>\n\t<meta property=\"og:image:type\" content=\"image\/jpeg\" \/>\n<meta name=\"author\" content=\"dianadmms\" \/>\n<meta name=\"twitter:card\" content=\"summary_large_image\" \/>\n<meta name=\"twitter:label1\" content=\"Escrito por\" \/>\n\t<meta name=\"twitter:data1\" content=\"dianadmms\" \/>\n\t<meta name=\"twitter:label2\" content=\"Tiempo de lectura\" \/>\n\t<meta name=\"twitter:data2\" content=\"9 minutos\" \/>\n<script type=\"application\/ld+json\" class=\"yoast-schema-graph\">{\"@context\":\"https:\/\/schema.org\",\"@graph\":[{\"@type\":\"Article\",\"@id\":\"https:\/\/micrositios.dian.gov.co\/cultura-de-contribucion\/2024\/11\/25\/concluyo-la-vi-version-de-la-semana-cultura-de-la-contribucion-2024\/#article\",\"isPartOf\":{\"@id\":\"https:\/\/micrositios.dian.gov.co\/cultura-de-contribucion\/2024\/11\/25\/concluyo-la-vi-version-de-la-semana-cultura-de-la-contribucion-2024\/\"},\"author\":{\"name\":\"dianadmms\",\"@id\":\"https:\/\/micrositios.dian.gov.co\/cultura-de-contribucion\/#\/schema\/person\/74b5359e9538b6478a28b4c616bcd9ba\"},\"headline\":\"Concluy\u00f3 la VI versi\u00f3n de la Semana Cultura de la Contribuci\u00f3n 2024\",\"datePublished\":\"2024-11-25T12:31:24+00:00\",\"dateModified\":\"2024-11-25T12:35:19+00:00\",\"mainEntityOfPage\":{\"@id\":\"https:\/\/micrositios.dian.gov.co\/cultura-de-contribucion\/2024\/11\/25\/concluyo-la-vi-version-de-la-semana-cultura-de-la-contribucion-2024\/\"},\"wordCount\":2133,\"commentCount\":0,\"image\":{\"@id\":\"https:\/\/micrositios.dian.gov.co\/cultura-de-contribucion\/2024\/11\/25\/concluyo-la-vi-version-de-la-semana-cultura-de-la-contribucion-2024\/#primaryimage\"},\"thumbnailUrl\":\"https:\/\/micrositios.dian.gov.co\/cultura-de-contribucion\/wp-content\/uploads\/sites\/7\/2024\/11\/Semana-Cultura-contribuacion-2024.jpg\",\"articleSection\":[\"CCE\"],\"inLanguage\":\"es-CO\",\"potentialAction\":[{\"@type\":\"CommentAction\",\"name\":\"Comment\",\"target\":[\"https:\/\/micrositios.dian.gov.co\/cultura-de-contribucion\/2024\/11\/25\/concluyo-la-vi-version-de-la-semana-cultura-de-la-contribucion-2024\/#respond\"]}]},{\"@type\":\"WebPage\",\"@id\":\"https:\/\/micrositios.dian.gov.co\/cultura-de-contribucion\/2024\/11\/25\/concluyo-la-vi-version-de-la-semana-cultura-de-la-contribucion-2024\/\",\"url\":\"https:\/\/micrositios.dian.gov.co\/cultura-de-contribucion\/2024\/11\/25\/concluyo-la-vi-version-de-la-semana-cultura-de-la-contribucion-2024\/\",\"name\":\"Concluy\u00f3 la VI versi\u00f3n de la Semana Cultura de la Contribuci\u00f3n 2024 - Cultura de la Contribuci\u00f3n\",\"isPartOf\":{\"@id\":\"https:\/\/micrositios.dian.gov.co\/cultura-de-contribucion\/#website\"},\"primaryImageOfPage\":{\"@id\":\"https:\/\/micrositios.dian.gov.co\/cultura-de-contribucion\/2024\/11\/25\/concluyo-la-vi-version-de-la-semana-cultura-de-la-contribucion-2024\/#primaryimage\"},\"image\":{\"@id\":\"https:\/\/micrositios.dian.gov.co\/cultura-de-contribucion\/2024\/11\/25\/concluyo-la-vi-version-de-la-semana-cultura-de-la-contribucion-2024\/#primaryimage\"},\"thumbnailUrl\":\"https:\/\/micrositios.dian.gov.co\/cultura-de-contribucion\/wp-content\/uploads\/sites\/7\/2024\/11\/Semana-Cultura-contribuacion-2024.jpg\",\"datePublished\":\"2024-11-25T12:31:24+00:00\",\"dateModified\":\"2024-11-25T12:35:19+00:00\",\"author\":{\"@id\":\"https:\/\/micrositios.dian.gov.co\/cultura-de-contribucion\/#\/schema\/person\/74b5359e9538b6478a28b4c616bcd9ba\"},\"breadcrumb\":{\"@id\":\"https:\/\/micrositios.dian.gov.co\/cultura-de-contribucion\/2024\/11\/25\/concluyo-la-vi-version-de-la-semana-cultura-de-la-contribucion-2024\/#breadcrumb\"},\"inLanguage\":\"es-CO\",\"potentialAction\":[{\"@type\":\"ReadAction\",\"target\":[\"https:\/\/micrositios.dian.gov.co\/cultura-de-contribucion\/2024\/11\/25\/concluyo-la-vi-version-de-la-semana-cultura-de-la-contribucion-2024\/\"]}]},{\"@type\":\"ImageObject\",\"inLanguage\":\"es-CO\",\"@id\":\"https:\/\/micrositios.dian.gov.co\/cultura-de-contribucion\/2024\/11\/25\/concluyo-la-vi-version-de-la-semana-cultura-de-la-contribucion-2024\/#primaryimage\",\"url\":\"https:\/\/micrositios.dian.gov.co\/cultura-de-contribucion\/wp-content\/uploads\/sites\/7\/2024\/11\/Semana-Cultura-contribuacion-2024.jpg\",\"contentUrl\":\"https:\/\/micrositios.dian.gov.co\/cultura-de-contribucion\/wp-content\/uploads\/sites\/7\/2024\/11\/Semana-Cultura-contribuacion-2024.jpg\",\"width\":700,\"height\":284},{\"@type\":\"BreadcrumbList\",\"@id\":\"https:\/\/micrositios.dian.gov.co\/cultura-de-contribucion\/2024\/11\/25\/concluyo-la-vi-version-de-la-semana-cultura-de-la-contribucion-2024\/#breadcrumb\",\"itemListElement\":[{\"@type\":\"ListItem\",\"position\":1,\"name\":\"Portada\",\"item\":\"https:\/\/micrositios.dian.gov.co\/cultura-de-contribucion\/\"},{\"@type\":\"ListItem\",\"position\":2,\"name\":\"Concluy\u00f3 la VI versi\u00f3n de la Semana Cultura de la Contribuci\u00f3n 2024\"}]},{\"@type\":\"WebSite\",\"@id\":\"https:\/\/micrositios.dian.gov.co\/cultura-de-contribucion\/#website\",\"url\":\"https:\/\/micrositios.dian.gov.co\/cultura-de-contribucion\/\",\"name\":\"Cultura de la Contribuci\u00f3n\",\"description\":\"DIAN\",\"potentialAction\":[{\"@type\":\"SearchAction\",\"target\":{\"@type\":\"EntryPoint\",\"urlTemplate\":\"https:\/\/micrositios.dian.gov.co\/cultura-de-contribucion\/?s={search_term_string}\"},\"query-input\":{\"@type\":\"PropertyValueSpecification\",\"valueRequired\":true,\"valueName\":\"search_term_string\"}}],\"inLanguage\":\"es-CO\"},{\"@type\":\"Person\",\"@id\":\"https:\/\/micrositios.dian.gov.co\/cultura-de-contribucion\/#\/schema\/person\/74b5359e9538b6478a28b4c616bcd9ba\",\"name\":\"dianadmms\",\"image\":{\"@type\":\"ImageObject\",\"inLanguage\":\"es-CO\",\"@id\":\"https:\/\/secure.gravatar.com\/avatar\/cf034220fbe936a1aa49c22547ceba7f93a17f53efe31b0edc2f4f6e3d451845?s=96&d=mm&r=g\",\"url\":\"https:\/\/secure.gravatar.com\/avatar\/cf034220fbe936a1aa49c22547ceba7f93a17f53efe31b0edc2f4f6e3d451845?s=96&d=mm&r=g\",\"contentUrl\":\"https:\/\/secure.gravatar.com\/avatar\/cf034220fbe936a1aa49c22547ceba7f93a17f53efe31b0edc2f4f6e3d451845?s=96&d=mm&r=g\",\"caption\":\"dianadmms\"},\"sameAs\":[\"https:\/\/micrositios.dian.gov.co\"],\"url\":\"https:\/\/micrositios.dian.gov.co\/cultura-de-contribucion\/author\/dianadmms\/\"}]}<\/script>\n<!-- \/ Yoast SEO Premium plugin. -->","yoast_head_json":{"title":"Concluy\u00f3 la VI versi\u00f3n de la Semana Cultura de la Contribuci\u00f3n 2024 - Cultura de la Contribuci\u00f3n","robots":{"index":"index","follow":"follow","max-snippet":"max-snippet:-1","max-image-preview":"max-image-preview:large","max-video-preview":"max-video-preview:-1"},"canonical":"https:\/\/micrositios.dian.gov.co\/cultura-de-contribucion\/2024\/11\/25\/concluyo-la-vi-version-de-la-semana-cultura-de-la-contribucion-2024\/","og_locale":"es_ES","og_type":"article","og_title":"Concluy\u00f3 la VI versi\u00f3n de la Semana Cultura de la Contribuci\u00f3n 2024","og_description":"Bogot\u00e1 D. C., mi\u00e9rcoles 13 de noviembre, 2024.&nbsp; La educaci\u00f3n es uno de los pilares b\u00e1sicos con los que se busca fortalecer la cultura tributaria en el pa\u00eds seg\u00fan los temas tratados durante la Semana Cultura de la Contribuci\u00f3n DIAN 2024. P\u00fablicos de todas las edades participaron en esta iniciativa, en la que se sumaron [&hellip;]","og_url":"https:\/\/micrositios.dian.gov.co\/cultura-de-contribucion\/2024\/11\/25\/concluyo-la-vi-version-de-la-semana-cultura-de-la-contribucion-2024\/","og_site_name":"Cultura de la Contribuci\u00f3n","article_published_time":"2024-11-25T12:31:24+00:00","article_modified_time":"2024-11-25T12:35:19+00:00","og_image":[{"width":700,"height":284,"url":"https:\/\/micrositios.dian.gov.co\/cultura-de-contribucion\/wp-content\/uploads\/sites\/7\/2024\/11\/Semana-Cultura-contribuacion-2024.jpg","type":"image\/jpeg"}],"author":"dianadmms","twitter_card":"summary_large_image","twitter_misc":{"Escrito por":"dianadmms","Tiempo de lectura":"9 minutos"},"schema":{"@context":"https:\/\/schema.org","@graph":[{"@type":"Article","@id":"https:\/\/micrositios.dian.gov.co\/cultura-de-contribucion\/2024\/11\/25\/concluyo-la-vi-version-de-la-semana-cultura-de-la-contribucion-2024\/#article","isPartOf":{"@id":"https:\/\/micrositios.dian.gov.co\/cultura-de-contribucion\/2024\/11\/25\/concluyo-la-vi-version-de-la-semana-cultura-de-la-contribucion-2024\/"},"author":{"name":"dianadmms","@id":"https:\/\/micrositios.dian.gov.co\/cultura-de-contribucion\/#\/schema\/person\/74b5359e9538b6478a28b4c616bcd9ba"},"headline":"Concluy\u00f3 la VI versi\u00f3n de la Semana Cultura de la Contribuci\u00f3n 2024","datePublished":"2024-11-25T12:31:24+00:00","dateModified":"2024-11-25T12:35:19+00:00","mainEntityOfPage":{"@id":"https:\/\/micrositios.dian.gov.co\/cultura-de-contribucion\/2024\/11\/25\/concluyo-la-vi-version-de-la-semana-cultura-de-la-contribucion-2024\/"},"wordCount":2133,"commentCount":0,"image":{"@id":"https:\/\/micrositios.dian.gov.co\/cultura-de-contribucion\/2024\/11\/25\/concluyo-la-vi-version-de-la-semana-cultura-de-la-contribucion-2024\/#primaryimage"},"thumbnailUrl":"https:\/\/micrositios.dian.gov.co\/cultura-de-contribucion\/wp-content\/uploads\/sites\/7\/2024\/11\/Semana-Cultura-contribuacion-2024.jpg","articleSection":["CCE"],"inLanguage":"es-CO","potentialAction":[{"@type":"CommentAction","name":"Comment","target":["https:\/\/micrositios.dian.gov.co\/cultura-de-contribucion\/2024\/11\/25\/concluyo-la-vi-version-de-la-semana-cultura-de-la-contribucion-2024\/#respond"]}]},{"@type":"WebPage","@id":"https:\/\/micrositios.dian.gov.co\/cultura-de-contribucion\/2024\/11\/25\/concluyo-la-vi-version-de-la-semana-cultura-de-la-contribucion-2024\/","url":"https:\/\/micrositios.dian.gov.co\/cultura-de-contribucion\/2024\/11\/25\/concluyo-la-vi-version-de-la-semana-cultura-de-la-contribucion-2024\/","name":"Concluy\u00f3 la VI versi\u00f3n de la Semana Cultura de la Contribuci\u00f3n 2024 - Cultura de la Contribuci\u00f3n","isPartOf":{"@id":"https:\/\/micrositios.dian.gov.co\/cultura-de-contribucion\/#website"},"primaryImageOfPage":{"@id":"https:\/\/micrositios.dian.gov.co\/cultura-de-contribucion\/2024\/11\/25\/concluyo-la-vi-version-de-la-semana-cultura-de-la-contribucion-2024\/#primaryimage"},"image":{"@id":"https:\/\/micrositios.dian.gov.co\/cultura-de-contribucion\/2024\/11\/25\/concluyo-la-vi-version-de-la-semana-cultura-de-la-contribucion-2024\/#primaryimage"},"thumbnailUrl":"https:\/\/micrositios.dian.gov.co\/cultura-de-contribucion\/wp-content\/uploads\/sites\/7\/2024\/11\/Semana-Cultura-contribuacion-2024.jpg","datePublished":"2024-11-25T12:31:24+00:00","dateModified":"2024-11-25T12:35:19+00:00","author":{"@id":"https:\/\/micrositios.dian.gov.co\/cultura-de-contribucion\/#\/schema\/person\/74b5359e9538b6478a28b4c616bcd9ba"},"breadcrumb":{"@id":"https:\/\/micrositios.dian.gov.co\/cultura-de-contribucion\/2024\/11\/25\/concluyo-la-vi-version-de-la-semana-cultura-de-la-contribucion-2024\/#breadcrumb"},"inLanguage":"es-CO","potentialAction":[{"@type":"ReadAction","target":["https:\/\/micrositios.dian.gov.co\/cultura-de-contribucion\/2024\/11\/25\/concluyo-la-vi-version-de-la-semana-cultura-de-la-contribucion-2024\/"]}]},{"@type":"ImageObject","inLanguage":"es-CO","@id":"https:\/\/micrositios.dian.gov.co\/cultura-de-contribucion\/2024\/11\/25\/concluyo-la-vi-version-de-la-semana-cultura-de-la-contribucion-2024\/#primaryimage","url":"https:\/\/micrositios.dian.gov.co\/cultura-de-contribucion\/wp-content\/uploads\/sites\/7\/2024\/11\/Semana-Cultura-contribuacion-2024.jpg","contentUrl":"https:\/\/micrositios.dian.gov.co\/cultura-de-contribucion\/wp-content\/uploads\/sites\/7\/2024\/11\/Semana-Cultura-contribuacion-2024.jpg","width":700,"height":284},{"@type":"BreadcrumbList","@id":"https:\/\/micrositios.dian.gov.co\/cultura-de-contribucion\/2024\/11\/25\/concluyo-la-vi-version-de-la-semana-cultura-de-la-contribucion-2024\/#breadcrumb","itemListElement":[{"@type":"ListItem","position":1,"name":"Portada","item":"https:\/\/micrositios.dian.gov.co\/cultura-de-contribucion\/"},{"@type":"ListItem","position":2,"name":"Concluy\u00f3 la VI versi\u00f3n de la Semana Cultura de la Contribuci\u00f3n 2024"}]},{"@type":"WebSite","@id":"https:\/\/micrositios.dian.gov.co\/cultura-de-contribucion\/#website","url":"https:\/\/micrositios.dian.gov.co\/cultura-de-contribucion\/","name":"Cultura de la Contribuci\u00f3n","description":"DIAN","potentialAction":[{"@type":"SearchAction","target":{"@type":"EntryPoint","urlTemplate":"https:\/\/micrositios.dian.gov.co\/cultura-de-contribucion\/?s={search_term_string}"},"query-input":{"@type":"PropertyValueSpecification","valueRequired":true,"valueName":"search_term_string"}}],"inLanguage":"es-CO"},{"@type":"Person","@id":"https:\/\/micrositios.dian.gov.co\/cultura-de-contribucion\/#\/schema\/person\/74b5359e9538b6478a28b4c616bcd9ba","name":"dianadmms","image":{"@type":"ImageObject","inLanguage":"es-CO","@id":"https:\/\/secure.gravatar.com\/avatar\/cf034220fbe936a1aa49c22547ceba7f93a17f53efe31b0edc2f4f6e3d451845?s=96&d=mm&r=g","url":"https:\/\/secure.gravatar.com\/avatar\/cf034220fbe936a1aa49c22547ceba7f93a17f53efe31b0edc2f4f6e3d451845?s=96&d=mm&r=g","contentUrl":"https:\/\/secure.gravatar.com\/avatar\/cf034220fbe936a1aa49c22547ceba7f93a17f53efe31b0edc2f4f6e3d451845?s=96&d=mm&r=g","caption":"dianadmms"},"sameAs":["https:\/\/micrositios.dian.gov.co"],"url":"https:\/\/micrositios.dian.gov.co\/cultura-de-contribucion\/author\/dianadmms\/"}]}},"_links":{"self":[{"href":"https:\/\/micrositios.dian.gov.co\/cultura-de-contribucion\/wp-json\/wp\/v2\/posts\/1321","targetHints":{"allow":["GET"]}}],"collection":[{"href":"https:\/\/micrositios.dian.gov.co\/cultura-de-contribucion\/wp-json\/wp\/v2\/posts"}],"about":[{"href":"https:\/\/micrositios.dian.gov.co\/cultura-de-contribucion\/wp-json\/wp\/v2\/types\/post"}],"author":[{"embeddable":true,"href":"https:\/\/micrositios.dian.gov.co\/cultura-de-contribucion\/wp-json\/wp\/v2\/users\/1"}],"replies":[{"embeddable":true,"href":"https:\/\/micrositios.dian.gov.co\/cultura-de-contribucion\/wp-json\/wp\/v2\/comments?post=1321"}],"version-history":[{"count":3,"href":"https:\/\/micrositios.dian.gov.co\/cultura-de-contribucion\/wp-json\/wp\/v2\/posts\/1321\/revisions"}],"predecessor-version":[{"id":1326,"href":"https:\/\/micrositios.dian.gov.co\/cultura-de-contribucion\/wp-json\/wp\/v2\/posts\/1321\/revisions\/1326"}],"wp:featuredmedia":[{"embeddable":true,"href":"https:\/\/micrositios.dian.gov.co\/cultura-de-contribucion\/wp-json\/wp\/v2\/media\/1322"}],"wp:attachment":[{"href":"https:\/\/micrositios.dian.gov.co\/cultura-de-contribucion\/wp-json\/wp\/v2\/media?parent=1321"}],"wp:term":[{"taxonomy":"category","embeddable":true,"href":"https:\/\/micrositios.dian.gov.co\/cultura-de-contribucion\/wp-json\/wp\/v2\/categories?post=1321"},{"taxonomy":"post_tag","embeddable":true,"href":"https:\/\/micrositios.dian.gov.co\/cultura-de-contribucion\/wp-json\/wp\/v2\/tags?post=1321"}],"curies":[{"name":"wp","href":"https:\/\/api.w.org\/{rel}","templated":true}]}}