{"id":1213,"date":"2024-07-03T17:32:20","date_gmt":"2024-07-03T17:32:20","guid":{"rendered":"https:\/\/micrositios.dian.gov.co\/cultura-de-contribucion\/?p=1213"},"modified":"2024-07-03T18:36:24","modified_gmt":"2024-07-03T18:36:24","slug":"docentes-de-la-institucion-educativa-la-fuente-de-la-mesa-de-los-santos-santander-se-unen-al-programa-cultura-de-la-contribucion-en-la-escuela-que-lidera-la-dian","status":"publish","type":"post","link":"https:\/\/micrositios.dian.gov.co\/cultura-de-contribucion\/2024\/07\/03\/docentes-de-la-institucion-educativa-la-fuente-de-la-mesa-de-los-santos-santander-se-unen-al-programa-cultura-de-la-contribucion-en-la-escuela-que-lidera-la-dian\/","title":{"rendered":"Docentes de la Instituci\u00f3n Educativa La Fuente de la Mesa de los Santos (Santander), se unen al programa: \u201cCultura de la Contribuci\u00f3n en la Escuela\u201d que lidera la DIAN."},"content":{"rendered":"\n<p>Por: <strong>Diana Carolina Figueroa V\u00e1squez<\/strong><\/p>\n\n\n\n<p>Funcionaria Divisi\u00f3n de Servicio al Ciudadano DIAN Bucaramanga<\/p>\n\n\n\n<p>Durante los d\u00edas 17, 18 y 19 de junio de 2024, la Direcci\u00f3n de Impuestos y Aduanas Nacionales Seccional Bucaramanga, a trav\u00e9s de la Divisi\u00f3n de Servicio al Ciudadano, recibi\u00f3 en sus instalaciones a los docentes de la Instituci\u00f3n Educativa la Fuente del municipio de Los Santos (Santander), quienes dijeron si a la construcci\u00f3n de la Cultura de la Contribuci\u00f3n, e iniciaron formaci\u00f3n en los ejes tem\u00e1ticos, objetivos y actividades que propone la DIAN mediante los cuatro ciclos de formaci\u00f3n que componen el programa: \u201cCultura de la Contribuci\u00f3n en la Escuela\u201d.<\/p>\n\n\n\n<p>La metodolog\u00eda aplicada durante este encuentro se centr\u00f3 en el desarrollo de dilemas \u00e9ticos que facilitaron la deconstrucci\u00f3n de ideas preconcebidas en torno a los conceptos: \u201cCiudadan\u00eda, Estado y Contribuci\u00f3n\u201d, facilitando la construcci\u00f3n de nuevas ideas, en el marco del Ciclo de la Contribuci\u00f3n, y permitiendo reconocer la importancia de: Contribuir en la escuela, en la comunidad, en la ciudad y por ende en el pa\u00eds.<\/p>\n\n\n\n<p>Los maestros que participaron en este ciclo de formaci\u00f3n resaltaron el esfuerzo que est\u00e1 haciendo la DIAN para fortalecer las competencias de la ciudadan\u00eda fiscal en los ni\u00f1os, j\u00f3venes y adultos del pa\u00eds, evaluaron positivamente su experiencia, se llevaron muy buenas ideas para aplicar en su IE (tienda de la confianza y la sala de bienestar que lidera la Divisi\u00f3n de Talento humano), comprometi\u00e9ndose a garantizar la sostenibilidad de esta estrategia pedag\u00f3gica en el tiempo.<\/p>\n\n\n\n<p><\/p>\n\n\n\n<p><\/p>\n\n\n\n<figure class=\"wp-block-gallery has-nested-images columns-2 is-cropped wp-block-gallery-1 is-layout-flex wp-block-gallery-is-layout-flex\">\n<figure class=\"wp-block-image size-full\"><img decoding=\"async\" width=\"640\" height=\"361\" data-id=\"1218\" src=\"https:\/\/micrositios.dian.gov.co\/cultura-de-contribucion\/wp-content\/uploads\/sites\/7\/2024\/07\/Nota-030720244.jpg\" alt=\"\" class=\"wp-image-1218\" srcset=\"https:\/\/micrositios.dian.gov.co\/cultura-de-contribucion\/wp-content\/uploads\/sites\/7\/2024\/07\/Nota-030720244.jpg 640w, https:\/\/micrositios.dian.gov.co\/cultura-de-contribucion\/wp-content\/uploads\/sites\/7\/2024\/07\/Nota-030720244-480x271.jpg 480w\" sizes=\"(min-width: 0px) and (max-width: 480px) 480px, (min-width: 481px) 640px, 100vw\" \/><figcaption>Docentes de la Instituci\u00f3n Educativa La Fuente de la Mesa de los Santos (Santander)<\/figcaption><\/figure>\n\n\n\n<figure class=\"wp-block-image size-full is-style-default\"><img decoding=\"async\" width=\"640\" height=\"361\" data-id=\"1217\" src=\"https:\/\/micrositios.dian.gov.co\/cultura-de-contribucion\/wp-content\/uploads\/sites\/7\/2024\/07\/Nota-030720243.jpg\" alt=\"\" class=\"wp-image-1217\" srcset=\"https:\/\/micrositios.dian.gov.co\/cultura-de-contribucion\/wp-content\/uploads\/sites\/7\/2024\/07\/Nota-030720243.jpg 640w, https:\/\/micrositios.dian.gov.co\/cultura-de-contribucion\/wp-content\/uploads\/sites\/7\/2024\/07\/Nota-030720243-480x271.jpg 480w\" sizes=\"(min-width: 0px) and (max-width: 480px) 480px, (min-width: 481px) 640px, 100vw\" \/><figcaption>Docentes de la Instituci\u00f3n Educativa La Fuente de la Mesa de los Santos (Santander)<\/figcaption><\/figure>\n\n\n\n<figure class=\"wp-block-image size-full\"><img decoding=\"async\" width=\"640\" height=\"361\" data-id=\"1219\" src=\"https:\/\/micrositios.dian.gov.co\/cultura-de-contribucion\/wp-content\/uploads\/sites\/7\/2024\/07\/Nota-030720245.jpg\" alt=\"\" class=\"wp-image-1219\" srcset=\"https:\/\/micrositios.dian.gov.co\/cultura-de-contribucion\/wp-content\/uploads\/sites\/7\/2024\/07\/Nota-030720245.jpg 640w, https:\/\/micrositios.dian.gov.co\/cultura-de-contribucion\/wp-content\/uploads\/sites\/7\/2024\/07\/Nota-030720245-480x271.jpg 480w\" sizes=\"(min-width: 0px) and (max-width: 480px) 480px, (min-width: 481px) 640px, 100vw\" \/><figcaption>Docentes de la Instituci\u00f3n Educativa La Fuente de la Mesa de los Santos (Santander)<\/figcaption><\/figure>\n\n\n\n<figure class=\"wp-block-image size-full\"><img decoding=\"async\" width=\"640\" height=\"361\" data-id=\"1220\" src=\"https:\/\/micrositios.dian.gov.co\/cultura-de-contribucion\/wp-content\/uploads\/sites\/7\/2024\/07\/Nota-030720246.jpg\" alt=\"\" class=\"wp-image-1220\" srcset=\"https:\/\/micrositios.dian.gov.co\/cultura-de-contribucion\/wp-content\/uploads\/sites\/7\/2024\/07\/Nota-030720246.jpg 640w, https:\/\/micrositios.dian.gov.co\/cultura-de-contribucion\/wp-content\/uploads\/sites\/7\/2024\/07\/Nota-030720246-480x271.jpg 480w\" sizes=\"(min-width: 0px) and (max-width: 480px) 480px, (min-width: 481px) 640px, 100vw\" \/><figcaption>Docentes de la Instituci\u00f3n Educativa La Fuente de la Mesa de los Santos (Santander)<\/figcaption><\/figure>\n\n\n\n<figure class=\"wp-block-image size-full\"><img decoding=\"async\" width=\"640\" height=\"361\" data-id=\"1221\" src=\"https:\/\/micrositios.dian.gov.co\/cultura-de-contribucion\/wp-content\/uploads\/sites\/7\/2024\/07\/Nota-030720241.jpg\" alt=\"\" class=\"wp-image-1221\" srcset=\"https:\/\/micrositios.dian.gov.co\/cultura-de-contribucion\/wp-content\/uploads\/sites\/7\/2024\/07\/Nota-030720241.jpg 640w, https:\/\/micrositios.dian.gov.co\/cultura-de-contribucion\/wp-content\/uploads\/sites\/7\/2024\/07\/Nota-030720241-480x271.jpg 480w\" sizes=\"(min-width: 0px) and (max-width: 480px) 480px, (min-width: 481px) 640px, 100vw\" \/><figcaption>Docentes de la Instituci\u00f3n Educativa La Fuente de la Mesa de los Santos (Santander)<\/figcaption><\/figure>\n\n\n\n<figure class=\"wp-block-image size-full\"><img decoding=\"async\" width=\"640\" height=\"361\" data-id=\"1222\" src=\"https:\/\/micrositios.dian.gov.co\/cultura-de-contribucion\/wp-content\/uploads\/sites\/7\/2024\/07\/Nota-030720242.jpg\" alt=\"\" class=\"wp-image-1222\" srcset=\"https:\/\/micrositios.dian.gov.co\/cultura-de-contribucion\/wp-content\/uploads\/sites\/7\/2024\/07\/Nota-030720242.jpg 640w, https:\/\/micrositios.dian.gov.co\/cultura-de-contribucion\/wp-content\/uploads\/sites\/7\/2024\/07\/Nota-030720242-480x271.jpg 480w\" sizes=\"(min-width: 0px) and (max-width: 480px) 480px, (min-width: 481px) 640px, 100vw\" \/><figcaption>Docentes de la Instituci\u00f3n Educativa La Fuente de la Mesa de los Santos (Santander)<\/figcaption><\/figure>\n<\/figure>\n","protected":false},"excerpt":{"rendered":"<p>Por: Diana Carolina Figueroa V\u00e1squez Funcionaria Divisi\u00f3n de Servicio al Ciudadano DIAN Bucaramanga Durante los d\u00edas 17, 18 y 19 de junio de 2024, la Direcci\u00f3n de Impuestos y Aduanas Nacionales Seccional Bucaramanga, a trav\u00e9s de la Divisi\u00f3n de Servicio al Ciudadano, recibi\u00f3 en sus instalaciones a los docentes de la Instituci\u00f3n Educativa la Fuente [&hellip;]<\/p>\n","protected":false},"author":1,"featured_media":1215,"comment_status":"open","ping_status":"open","sticky":false,"template":"","format":"standard","meta":{"_et_pb_use_builder":"off","_et_pb_old_content":"","_et_gb_content_width":"","footnotes":""},"categories":[1],"tags":[],"class_list":["post-1213","post","type-post","status-publish","format-standard","has-post-thumbnail","hentry","category-cce"],"yoast_head":"<!-- This site is optimized with the Yoast SEO Premium plugin v18.5 (Yoast SEO v27.2) - https:\/\/yoast.com\/product\/yoast-seo-premium-wordpress\/ -->\n<title>Docentes de la Instituci\u00f3n Educativa La Fuente de la Mesa de los Santos (Santander), se unen al programa: \u201cCultura de la Contribuci\u00f3n en la Escuela\u201d que lidera la DIAN. - Cultura de la Contribuci\u00f3n<\/title>\n<meta name=\"robots\" content=\"index, follow, max-snippet:-1, max-image-preview:large, max-video-preview:-1\" \/>\n<link rel=\"canonical\" href=\"https:\/\/micrositios.dian.gov.co\/cultura-de-contribucion\/2024\/07\/03\/docentes-de-la-institucion-educativa-la-fuente-de-la-mesa-de-los-santos-santander-se-unen-al-programa-cultura-de-la-contribucion-en-la-escuela-que-lidera-la-dian\/\" \/>\n<meta property=\"og:locale\" content=\"es_ES\" \/>\n<meta property=\"og:type\" content=\"article\" \/>\n<meta property=\"og:title\" content=\"Docentes de la Instituci\u00f3n Educativa La Fuente de la Mesa de los Santos (Santander), se unen al programa: \u201cCultura de la Contribuci\u00f3n en la Escuela\u201d que lidera la DIAN.\" \/>\n<meta property=\"og:description\" content=\"Por: Diana Carolina Figueroa V\u00e1squez Funcionaria Divisi\u00f3n de Servicio al Ciudadano DIAN Bucaramanga Durante los d\u00edas 17, 18 y 19 de junio de 2024, la Direcci\u00f3n de Impuestos y Aduanas Nacionales Seccional Bucaramanga, a trav\u00e9s de la Divisi\u00f3n de Servicio al Ciudadano, recibi\u00f3 en sus instalaciones a los docentes de la Instituci\u00f3n Educativa la Fuente [&hellip;]\" \/>\n<meta property=\"og:url\" content=\"https:\/\/micrositios.dian.gov.co\/cultura-de-contribucion\/2024\/07\/03\/docentes-de-la-institucion-educativa-la-fuente-de-la-mesa-de-los-santos-santander-se-unen-al-programa-cultura-de-la-contribucion-en-la-escuela-que-lidera-la-dian\/\" \/>\n<meta property=\"og:site_name\" content=\"Cultura de la Contribuci\u00f3n\" \/>\n<meta property=\"article:published_time\" content=\"2024-07-03T17:32:20+00:00\" \/>\n<meta property=\"article:modified_time\" content=\"2024-07-03T18:36:24+00:00\" \/>\n<meta property=\"og:image\" content=\"https:\/\/micrositios.dian.gov.co\/cultura-de-contribucion\/wp-content\/uploads\/sites\/7\/2024\/07\/Nota-03072024.jpg\" \/>\n\t<meta property=\"og:image:width\" content=\"786\" \/>\n\t<meta property=\"og:image:height\" content=\"270\" \/>\n\t<meta property=\"og:image:type\" content=\"image\/jpeg\" \/>\n<meta name=\"author\" content=\"dianadmms\" \/>\n<meta name=\"twitter:card\" content=\"summary_large_image\" \/>\n<meta name=\"twitter:label1\" content=\"Escrito por\" \/>\n\t<meta name=\"twitter:data1\" content=\"dianadmms\" \/>\n\t<meta name=\"twitter:label2\" content=\"Tiempo de lectura\" \/>\n\t<meta name=\"twitter:data2\" content=\"3 minutos\" \/>\n<script type=\"application\/ld+json\" class=\"yoast-schema-graph\">{\"@context\":\"https:\/\/schema.org\",\"@graph\":[{\"@type\":\"Article\",\"@id\":\"https:\/\/micrositios.dian.gov.co\/cultura-de-contribucion\/2024\/07\/03\/docentes-de-la-institucion-educativa-la-fuente-de-la-mesa-de-los-santos-santander-se-unen-al-programa-cultura-de-la-contribucion-en-la-escuela-que-lidera-la-dian\/#article\",\"isPartOf\":{\"@id\":\"https:\/\/micrositios.dian.gov.co\/cultura-de-contribucion\/2024\/07\/03\/docentes-de-la-institucion-educativa-la-fuente-de-la-mesa-de-los-santos-santander-se-unen-al-programa-cultura-de-la-contribucion-en-la-escuela-que-lidera-la-dian\/\"},\"author\":{\"name\":\"dianadmms\",\"@id\":\"https:\/\/micrositios.dian.gov.co\/cultura-de-contribucion\/#\/schema\/person\/74b5359e9538b6478a28b4c616bcd9ba\"},\"headline\":\"Docentes de la Instituci\u00f3n Educativa La Fuente de la Mesa de los Santos (Santander), se unen al programa: \u201cCultura de la Contribuci\u00f3n en la Escuela\u201d que lidera la DIAN.\",\"datePublished\":\"2024-07-03T17:32:20+00:00\",\"dateModified\":\"2024-07-03T18:36:24+00:00\",\"mainEntityOfPage\":{\"@id\":\"https:\/\/micrositios.dian.gov.co\/cultura-de-contribucion\/2024\/07\/03\/docentes-de-la-institucion-educativa-la-fuente-de-la-mesa-de-los-santos-santander-se-unen-al-programa-cultura-de-la-contribucion-en-la-escuela-que-lidera-la-dian\/\"},\"wordCount\":390,\"commentCount\":0,\"image\":{\"@id\":\"https:\/\/micrositios.dian.gov.co\/cultura-de-contribucion\/2024\/07\/03\/docentes-de-la-institucion-educativa-la-fuente-de-la-mesa-de-los-santos-santander-se-unen-al-programa-cultura-de-la-contribucion-en-la-escuela-que-lidera-la-dian\/#primaryimage\"},\"thumbnailUrl\":\"https:\/\/micrositios.dian.gov.co\/cultura-de-contribucion\/wp-content\/uploads\/sites\/7\/2024\/07\/Nota-03072024.jpg\",\"articleSection\":[\"CCE\"],\"inLanguage\":\"es-CO\",\"potentialAction\":[{\"@type\":\"CommentAction\",\"name\":\"Comment\",\"target\":[\"https:\/\/micrositios.dian.gov.co\/cultura-de-contribucion\/2024\/07\/03\/docentes-de-la-institucion-educativa-la-fuente-de-la-mesa-de-los-santos-santander-se-unen-al-programa-cultura-de-la-contribucion-en-la-escuela-que-lidera-la-dian\/#respond\"]}]},{\"@type\":\"WebPage\",\"@id\":\"https:\/\/micrositios.dian.gov.co\/cultura-de-contribucion\/2024\/07\/03\/docentes-de-la-institucion-educativa-la-fuente-de-la-mesa-de-los-santos-santander-se-unen-al-programa-cultura-de-la-contribucion-en-la-escuela-que-lidera-la-dian\/\",\"url\":\"https:\/\/micrositios.dian.gov.co\/cultura-de-contribucion\/2024\/07\/03\/docentes-de-la-institucion-educativa-la-fuente-de-la-mesa-de-los-santos-santander-se-unen-al-programa-cultura-de-la-contribucion-en-la-escuela-que-lidera-la-dian\/\",\"name\":\"Docentes de la Instituci\u00f3n Educativa La Fuente de la Mesa de los Santos (Santander), se unen al programa: \u201cCultura de la Contribuci\u00f3n en la Escuela\u201d que lidera la DIAN. - Cultura de la Contribuci\u00f3n\",\"isPartOf\":{\"@id\":\"https:\/\/micrositios.dian.gov.co\/cultura-de-contribucion\/#website\"},\"primaryImageOfPage\":{\"@id\":\"https:\/\/micrositios.dian.gov.co\/cultura-de-contribucion\/2024\/07\/03\/docentes-de-la-institucion-educativa-la-fuente-de-la-mesa-de-los-santos-santander-se-unen-al-programa-cultura-de-la-contribucion-en-la-escuela-que-lidera-la-dian\/#primaryimage\"},\"image\":{\"@id\":\"https:\/\/micrositios.dian.gov.co\/cultura-de-contribucion\/2024\/07\/03\/docentes-de-la-institucion-educativa-la-fuente-de-la-mesa-de-los-santos-santander-se-unen-al-programa-cultura-de-la-contribucion-en-la-escuela-que-lidera-la-dian\/#primaryimage\"},\"thumbnailUrl\":\"https:\/\/micrositios.dian.gov.co\/cultura-de-contribucion\/wp-content\/uploads\/sites\/7\/2024\/07\/Nota-03072024.jpg\",\"datePublished\":\"2024-07-03T17:32:20+00:00\",\"dateModified\":\"2024-07-03T18:36:24+00:00\",\"author\":{\"@id\":\"https:\/\/micrositios.dian.gov.co\/cultura-de-contribucion\/#\/schema\/person\/74b5359e9538b6478a28b4c616bcd9ba\"},\"breadcrumb\":{\"@id\":\"https:\/\/micrositios.dian.gov.co\/cultura-de-contribucion\/2024\/07\/03\/docentes-de-la-institucion-educativa-la-fuente-de-la-mesa-de-los-santos-santander-se-unen-al-programa-cultura-de-la-contribucion-en-la-escuela-que-lidera-la-dian\/#breadcrumb\"},\"inLanguage\":\"es-CO\",\"potentialAction\":[{\"@type\":\"ReadAction\",\"target\":[\"https:\/\/micrositios.dian.gov.co\/cultura-de-contribucion\/2024\/07\/03\/docentes-de-la-institucion-educativa-la-fuente-de-la-mesa-de-los-santos-santander-se-unen-al-programa-cultura-de-la-contribucion-en-la-escuela-que-lidera-la-dian\/\"]}]},{\"@type\":\"ImageObject\",\"inLanguage\":\"es-CO\",\"@id\":\"https:\/\/micrositios.dian.gov.co\/cultura-de-contribucion\/2024\/07\/03\/docentes-de-la-institucion-educativa-la-fuente-de-la-mesa-de-los-santos-santander-se-unen-al-programa-cultura-de-la-contribucion-en-la-escuela-que-lidera-la-dian\/#primaryimage\",\"url\":\"https:\/\/micrositios.dian.gov.co\/cultura-de-contribucion\/wp-content\/uploads\/sites\/7\/2024\/07\/Nota-03072024.jpg\",\"contentUrl\":\"https:\/\/micrositios.dian.gov.co\/cultura-de-contribucion\/wp-content\/uploads\/sites\/7\/2024\/07\/Nota-03072024.jpg\",\"width\":786,\"height\":270},{\"@type\":\"BreadcrumbList\",\"@id\":\"https:\/\/micrositios.dian.gov.co\/cultura-de-contribucion\/2024\/07\/03\/docentes-de-la-institucion-educativa-la-fuente-de-la-mesa-de-los-santos-santander-se-unen-al-programa-cultura-de-la-contribucion-en-la-escuela-que-lidera-la-dian\/#breadcrumb\",\"itemListElement\":[{\"@type\":\"ListItem\",\"position\":1,\"name\":\"Portada\",\"item\":\"https:\/\/micrositios.dian.gov.co\/cultura-de-contribucion\/\"},{\"@type\":\"ListItem\",\"position\":2,\"name\":\"Docentes de la Instituci\u00f3n Educativa La Fuente de la Mesa de los Santos (Santander), se unen al programa: \u201cCultura de la Contribuci\u00f3n en la Escuela\u201d que lidera la DIAN.\"}]},{\"@type\":\"WebSite\",\"@id\":\"https:\/\/micrositios.dian.gov.co\/cultura-de-contribucion\/#website\",\"url\":\"https:\/\/micrositios.dian.gov.co\/cultura-de-contribucion\/\",\"name\":\"Cultura de la Contribuci\u00f3n\",\"description\":\"DIAN\",\"potentialAction\":[{\"@type\":\"SearchAction\",\"target\":{\"@type\":\"EntryPoint\",\"urlTemplate\":\"https:\/\/micrositios.dian.gov.co\/cultura-de-contribucion\/?s={search_term_string}\"},\"query-input\":{\"@type\":\"PropertyValueSpecification\",\"valueRequired\":true,\"valueName\":\"search_term_string\"}}],\"inLanguage\":\"es-CO\"},{\"@type\":\"Person\",\"@id\":\"https:\/\/micrositios.dian.gov.co\/cultura-de-contribucion\/#\/schema\/person\/74b5359e9538b6478a28b4c616bcd9ba\",\"name\":\"dianadmms\",\"image\":{\"@type\":\"ImageObject\",\"inLanguage\":\"es-CO\",\"@id\":\"https:\/\/secure.gravatar.com\/avatar\/cf034220fbe936a1aa49c22547ceba7f93a17f53efe31b0edc2f4f6e3d451845?s=96&d=mm&r=g\",\"url\":\"https:\/\/secure.gravatar.com\/avatar\/cf034220fbe936a1aa49c22547ceba7f93a17f53efe31b0edc2f4f6e3d451845?s=96&d=mm&r=g\",\"contentUrl\":\"https:\/\/secure.gravatar.com\/avatar\/cf034220fbe936a1aa49c22547ceba7f93a17f53efe31b0edc2f4f6e3d451845?s=96&d=mm&r=g\",\"caption\":\"dianadmms\"},\"sameAs\":[\"https:\/\/micrositios.dian.gov.co\"],\"url\":\"https:\/\/micrositios.dian.gov.co\/cultura-de-contribucion\/author\/dianadmms\/\"}]}<\/script>\n<!-- \/ Yoast SEO Premium plugin. -->","yoast_head_json":{"title":"Docentes de la Instituci\u00f3n Educativa La Fuente de la Mesa de los Santos (Santander), se unen al programa: \u201cCultura de la Contribuci\u00f3n en la Escuela\u201d que lidera la DIAN. - Cultura de la Contribuci\u00f3n","robots":{"index":"index","follow":"follow","max-snippet":"max-snippet:-1","max-image-preview":"max-image-preview:large","max-video-preview":"max-video-preview:-1"},"canonical":"https:\/\/micrositios.dian.gov.co\/cultura-de-contribucion\/2024\/07\/03\/docentes-de-la-institucion-educativa-la-fuente-de-la-mesa-de-los-santos-santander-se-unen-al-programa-cultura-de-la-contribucion-en-la-escuela-que-lidera-la-dian\/","og_locale":"es_ES","og_type":"article","og_title":"Docentes de la Instituci\u00f3n Educativa La Fuente de la Mesa de los Santos (Santander), se unen al programa: \u201cCultura de la Contribuci\u00f3n en la Escuela\u201d que lidera la DIAN.","og_description":"Por: Diana Carolina Figueroa V\u00e1squez Funcionaria Divisi\u00f3n de Servicio al Ciudadano DIAN Bucaramanga Durante los d\u00edas 17, 18 y 19 de junio de 2024, la Direcci\u00f3n de Impuestos y Aduanas Nacionales Seccional Bucaramanga, a trav\u00e9s de la Divisi\u00f3n de Servicio al Ciudadano, recibi\u00f3 en sus instalaciones a los docentes de la Instituci\u00f3n Educativa la Fuente [&hellip;]","og_url":"https:\/\/micrositios.dian.gov.co\/cultura-de-contribucion\/2024\/07\/03\/docentes-de-la-institucion-educativa-la-fuente-de-la-mesa-de-los-santos-santander-se-unen-al-programa-cultura-de-la-contribucion-en-la-escuela-que-lidera-la-dian\/","og_site_name":"Cultura de la Contribuci\u00f3n","article_published_time":"2024-07-03T17:32:20+00:00","article_modified_time":"2024-07-03T18:36:24+00:00","og_image":[{"width":786,"height":270,"url":"https:\/\/micrositios.dian.gov.co\/cultura-de-contribucion\/wp-content\/uploads\/sites\/7\/2024\/07\/Nota-03072024.jpg","type":"image\/jpeg"}],"author":"dianadmms","twitter_card":"summary_large_image","twitter_misc":{"Escrito por":"dianadmms","Tiempo de lectura":"3 minutos"},"schema":{"@context":"https:\/\/schema.org","@graph":[{"@type":"Article","@id":"https:\/\/micrositios.dian.gov.co\/cultura-de-contribucion\/2024\/07\/03\/docentes-de-la-institucion-educativa-la-fuente-de-la-mesa-de-los-santos-santander-se-unen-al-programa-cultura-de-la-contribucion-en-la-escuela-que-lidera-la-dian\/#article","isPartOf":{"@id":"https:\/\/micrositios.dian.gov.co\/cultura-de-contribucion\/2024\/07\/03\/docentes-de-la-institucion-educativa-la-fuente-de-la-mesa-de-los-santos-santander-se-unen-al-programa-cultura-de-la-contribucion-en-la-escuela-que-lidera-la-dian\/"},"author":{"name":"dianadmms","@id":"https:\/\/micrositios.dian.gov.co\/cultura-de-contribucion\/#\/schema\/person\/74b5359e9538b6478a28b4c616bcd9ba"},"headline":"Docentes de la Instituci\u00f3n Educativa La Fuente de la Mesa de los Santos (Santander), se unen al programa: \u201cCultura de la Contribuci\u00f3n en la Escuela\u201d que lidera la DIAN.","datePublished":"2024-07-03T17:32:20+00:00","dateModified":"2024-07-03T18:36:24+00:00","mainEntityOfPage":{"@id":"https:\/\/micrositios.dian.gov.co\/cultura-de-contribucion\/2024\/07\/03\/docentes-de-la-institucion-educativa-la-fuente-de-la-mesa-de-los-santos-santander-se-unen-al-programa-cultura-de-la-contribucion-en-la-escuela-que-lidera-la-dian\/"},"wordCount":390,"commentCount":0,"image":{"@id":"https:\/\/micrositios.dian.gov.co\/cultura-de-contribucion\/2024\/07\/03\/docentes-de-la-institucion-educativa-la-fuente-de-la-mesa-de-los-santos-santander-se-unen-al-programa-cultura-de-la-contribucion-en-la-escuela-que-lidera-la-dian\/#primaryimage"},"thumbnailUrl":"https:\/\/micrositios.dian.gov.co\/cultura-de-contribucion\/wp-content\/uploads\/sites\/7\/2024\/07\/Nota-03072024.jpg","articleSection":["CCE"],"inLanguage":"es-CO","potentialAction":[{"@type":"CommentAction","name":"Comment","target":["https:\/\/micrositios.dian.gov.co\/cultura-de-contribucion\/2024\/07\/03\/docentes-de-la-institucion-educativa-la-fuente-de-la-mesa-de-los-santos-santander-se-unen-al-programa-cultura-de-la-contribucion-en-la-escuela-que-lidera-la-dian\/#respond"]}]},{"@type":"WebPage","@id":"https:\/\/micrositios.dian.gov.co\/cultura-de-contribucion\/2024\/07\/03\/docentes-de-la-institucion-educativa-la-fuente-de-la-mesa-de-los-santos-santander-se-unen-al-programa-cultura-de-la-contribucion-en-la-escuela-que-lidera-la-dian\/","url":"https:\/\/micrositios.dian.gov.co\/cultura-de-contribucion\/2024\/07\/03\/docentes-de-la-institucion-educativa-la-fuente-de-la-mesa-de-los-santos-santander-se-unen-al-programa-cultura-de-la-contribucion-en-la-escuela-que-lidera-la-dian\/","name":"Docentes de la Instituci\u00f3n Educativa La Fuente de la Mesa de los Santos (Santander), se unen al programa: \u201cCultura de la Contribuci\u00f3n en la Escuela\u201d que lidera la DIAN. - Cultura de la Contribuci\u00f3n","isPartOf":{"@id":"https:\/\/micrositios.dian.gov.co\/cultura-de-contribucion\/#website"},"primaryImageOfPage":{"@id":"https:\/\/micrositios.dian.gov.co\/cultura-de-contribucion\/2024\/07\/03\/docentes-de-la-institucion-educativa-la-fuente-de-la-mesa-de-los-santos-santander-se-unen-al-programa-cultura-de-la-contribucion-en-la-escuela-que-lidera-la-dian\/#primaryimage"},"image":{"@id":"https:\/\/micrositios.dian.gov.co\/cultura-de-contribucion\/2024\/07\/03\/docentes-de-la-institucion-educativa-la-fuente-de-la-mesa-de-los-santos-santander-se-unen-al-programa-cultura-de-la-contribucion-en-la-escuela-que-lidera-la-dian\/#primaryimage"},"thumbnailUrl":"https:\/\/micrositios.dian.gov.co\/cultura-de-contribucion\/wp-content\/uploads\/sites\/7\/2024\/07\/Nota-03072024.jpg","datePublished":"2024-07-03T17:32:20+00:00","dateModified":"2024-07-03T18:36:24+00:00","author":{"@id":"https:\/\/micrositios.dian.gov.co\/cultura-de-contribucion\/#\/schema\/person\/74b5359e9538b6478a28b4c616bcd9ba"},"breadcrumb":{"@id":"https:\/\/micrositios.dian.gov.co\/cultura-de-contribucion\/2024\/07\/03\/docentes-de-la-institucion-educativa-la-fuente-de-la-mesa-de-los-santos-santander-se-unen-al-programa-cultura-de-la-contribucion-en-la-escuela-que-lidera-la-dian\/#breadcrumb"},"inLanguage":"es-CO","potentialAction":[{"@type":"ReadAction","target":["https:\/\/micrositios.dian.gov.co\/cultura-de-contribucion\/2024\/07\/03\/docentes-de-la-institucion-educativa-la-fuente-de-la-mesa-de-los-santos-santander-se-unen-al-programa-cultura-de-la-contribucion-en-la-escuela-que-lidera-la-dian\/"]}]},{"@type":"ImageObject","inLanguage":"es-CO","@id":"https:\/\/micrositios.dian.gov.co\/cultura-de-contribucion\/2024\/07\/03\/docentes-de-la-institucion-educativa-la-fuente-de-la-mesa-de-los-santos-santander-se-unen-al-programa-cultura-de-la-contribucion-en-la-escuela-que-lidera-la-dian\/#primaryimage","url":"https:\/\/micrositios.dian.gov.co\/cultura-de-contribucion\/wp-content\/uploads\/sites\/7\/2024\/07\/Nota-03072024.jpg","contentUrl":"https:\/\/micrositios.dian.gov.co\/cultura-de-contribucion\/wp-content\/uploads\/sites\/7\/2024\/07\/Nota-03072024.jpg","width":786,"height":270},{"@type":"BreadcrumbList","@id":"https:\/\/micrositios.dian.gov.co\/cultura-de-contribucion\/2024\/07\/03\/docentes-de-la-institucion-educativa-la-fuente-de-la-mesa-de-los-santos-santander-se-unen-al-programa-cultura-de-la-contribucion-en-la-escuela-que-lidera-la-dian\/#breadcrumb","itemListElement":[{"@type":"ListItem","position":1,"name":"Portada","item":"https:\/\/micrositios.dian.gov.co\/cultura-de-contribucion\/"},{"@type":"ListItem","position":2,"name":"Docentes de la Instituci\u00f3n Educativa La Fuente de la Mesa de los Santos (Santander), se unen al programa: \u201cCultura de la Contribuci\u00f3n en la Escuela\u201d que lidera la DIAN."}]},{"@type":"WebSite","@id":"https:\/\/micrositios.dian.gov.co\/cultura-de-contribucion\/#website","url":"https:\/\/micrositios.dian.gov.co\/cultura-de-contribucion\/","name":"Cultura de la Contribuci\u00f3n","description":"DIAN","potentialAction":[{"@type":"SearchAction","target":{"@type":"EntryPoint","urlTemplate":"https:\/\/micrositios.dian.gov.co\/cultura-de-contribucion\/?s={search_term_string}"},"query-input":{"@type":"PropertyValueSpecification","valueRequired":true,"valueName":"search_term_string"}}],"inLanguage":"es-CO"},{"@type":"Person","@id":"https:\/\/micrositios.dian.gov.co\/cultura-de-contribucion\/#\/schema\/person\/74b5359e9538b6478a28b4c616bcd9ba","name":"dianadmms","image":{"@type":"ImageObject","inLanguage":"es-CO","@id":"https:\/\/secure.gravatar.com\/avatar\/cf034220fbe936a1aa49c22547ceba7f93a17f53efe31b0edc2f4f6e3d451845?s=96&d=mm&r=g","url":"https:\/\/secure.gravatar.com\/avatar\/cf034220fbe936a1aa49c22547ceba7f93a17f53efe31b0edc2f4f6e3d451845?s=96&d=mm&r=g","contentUrl":"https:\/\/secure.gravatar.com\/avatar\/cf034220fbe936a1aa49c22547ceba7f93a17f53efe31b0edc2f4f6e3d451845?s=96&d=mm&r=g","caption":"dianadmms"},"sameAs":["https:\/\/micrositios.dian.gov.co"],"url":"https:\/\/micrositios.dian.gov.co\/cultura-de-contribucion\/author\/dianadmms\/"}]}},"_links":{"self":[{"href":"https:\/\/micrositios.dian.gov.co\/cultura-de-contribucion\/wp-json\/wp\/v2\/posts\/1213","targetHints":{"allow":["GET"]}}],"collection":[{"href":"https:\/\/micrositios.dian.gov.co\/cultura-de-contribucion\/wp-json\/wp\/v2\/posts"}],"about":[{"href":"https:\/\/micrositios.dian.gov.co\/cultura-de-contribucion\/wp-json\/wp\/v2\/types\/post"}],"author":[{"embeddable":true,"href":"https:\/\/micrositios.dian.gov.co\/cultura-de-contribucion\/wp-json\/wp\/v2\/users\/1"}],"replies":[{"embeddable":true,"href":"https:\/\/micrositios.dian.gov.co\/cultura-de-contribucion\/wp-json\/wp\/v2\/comments?post=1213"}],"version-history":[{"count":4,"href":"https:\/\/micrositios.dian.gov.co\/cultura-de-contribucion\/wp-json\/wp\/v2\/posts\/1213\/revisions"}],"predecessor-version":[{"id":1226,"href":"https:\/\/micrositios.dian.gov.co\/cultura-de-contribucion\/wp-json\/wp\/v2\/posts\/1213\/revisions\/1226"}],"wp:featuredmedia":[{"embeddable":true,"href":"https:\/\/micrositios.dian.gov.co\/cultura-de-contribucion\/wp-json\/wp\/v2\/media\/1215"}],"wp:attachment":[{"href":"https:\/\/micrositios.dian.gov.co\/cultura-de-contribucion\/wp-json\/wp\/v2\/media?parent=1213"}],"wp:term":[{"taxonomy":"category","embeddable":true,"href":"https:\/\/micrositios.dian.gov.co\/cultura-de-contribucion\/wp-json\/wp\/v2\/categories?post=1213"},{"taxonomy":"post_tag","embeddable":true,"href":"https:\/\/micrositios.dian.gov.co\/cultura-de-contribucion\/wp-json\/wp\/v2\/tags?post=1213"}],"curies":[{"name":"wp","href":"https:\/\/api.w.org\/{rel}","templated":true}]}}